{"id":46338,"date":"2013-09-11T17:07:38","date_gmt":"2013-09-11T15:07:38","guid":{"rendered":"http:\/\/www.ifun.de\/?p=46338"},"modified":"2013-09-11T17:10:23","modified_gmt":"2013-09-11T15:10:23","slug":"iphone-keynote-jetzt-auch-direkt-ueber-apple-tv-verfuegbar","status":"publish","type":"post","link":"https:\/\/www.ifun.de\/iphone-keynote-jetzt-auch-direkt-ueber-apple-tv-verfuegbar-46338\/","title":{"rendered":"iPhone-Keynote auch direkt \u00fcber Apple TV verf\u00fcgbar"},"content":{"rendered":"<p>F\u00fcr alle die noch keine Zeit hatten, sich die <a href=\"http:\/\/www.ifun.de\/auf-einen-blick-alle-infos-das-video-von-apples-september-event-46296\/\">iPhone-Keynote<\/a> von gestern anzusehen, bietet Apple die Aufzeichnung jetzt auch direkt \u00fcber Apple TV als HD-Videostream an. Mit einem Klick auf das neue, bunte Keynote-Symbol auf der Startseite eures Apple TV kommt ihr direkt zum Video von gestern.<\/p>\n<p><a href=\"http:\/\/images.ifun.de\/wp-content\/uploads\/2013\/09\/keynote-apple-tv.jpg\"><img loading=\"lazy\" decoding=\"async\" src=\"http:\/\/images.ifun.de\/wp-content\/uploads\/2013\/09\/keynote-apple-tv.jpg\" alt=\"keynote-apple-tv\" width=\"500\" height=\"344\" class=\"aligncenter size-full wp-image-46340\" srcset=\"https:\/\/images.ifun.de\/wp-content\/uploads\/2013\/09\/keynote-apple-tv.jpg 500w, https:\/\/images.ifun.de\/wp-content\/uploads\/2013\/09\/keynote-apple-tv-300x206.jpg 300w\" sizes=\"auto, (max-width: 500px) 100vw, 500px\" \/><\/a><\/p>\n<p>Gleichzeitig bietet die App auch die M\u00f6glichkeit, sich verschiedene Apple-Produktvorstellungen aus den vergangenen Jahren anzusehen. Also holt euch vielleicht noch eine T\u00fcte Chips und haut euch gen\u00fcsslich aufs Sofa.<\/p>\n<p>Falls ihr kein Apple TV zuhause habt, gibt es die Aufzeichnung wie bereits berichtet auch auf der <a href=\"http:\/\/www.apple.com\/apple-events\/september-2013\/\">Apple-Webseite<\/a> sowie im <a href=\"https:\/\/itunes.apple.com\/de\/podcast\/apple-keynotes-hd\/id470664050?mt=2&#038;partnerId=2003\">Apple-Keynote-Podcast<\/a>. (Danke Jesse)<\/p>\n","protected":false},"excerpt":{"rendered":"<a href=\"https:\/\/www.ifun.de\/iphone-keynote-jetzt-auch-direkt-ueber-apple-tv-verfuegbar-46338\/\"><img width=\"150\" height=\"150\" src=\"https:\/\/images.ifun.de\/wp-content\/uploads\/2013\/09\/apple-tv-keynote-header-150x150.jpg\" class=\"alignright tfe wp-post-image\" alt=\"\" decoding=\"async\" loading=\"lazy\" \/><\/a><p>F\u00fcr alle die noch keine Zeit hatten, sich die iPhone-Keynote von gestern anzusehen, bietet Apple die Aufzeichnung jetzt auch direkt \u00fcber Apple TV als HD-Videostream an. Mit einem Klick auf das neue, bunte Keynote-Symbol auf der Startseite eures Apple TV kommt ihr direkt zum Video von gestern. Gleichzeitig bietet die App auch die M\u00f6glichkeit, sich [&hellip;]<\/p>\n","protected":false},"author":2,"featured_media":46339,"comment_status":"open","ping_status":"closed","sticky":false,"template":"","format":"standard","meta":{"_acf_changed":false,"footnotes":""},"categories":[20],"tags":[4736,26,4741,342,31],"class_list":["post-46338","post","type-post","status-publish","format-standard","has-post-thumbnail","hentry","category-videos","tag-apple","tag-apple-tv","tag-iphone","tag-keynote","tag-video"],"acf":[],"aioseo_notices":[],"featured_image":["http:\/\/images.ifun.de\/wp-content\/uploads\/2013\/09\/apple-tv-keynote-header.jpg"],"rest_api_enabler":{"featured_image":"http:\/\/images.ifun.de\/wp-content\/uploads\/2013\/09\/apple-tv-keynote-header.jpg"},"_links":{"self":[{"href":"https:\/\/www.ifun.de\/apiv2\/wp\/v2\/posts\/46338","targetHints":{"allow":["GET"]}}],"collection":[{"href":"https:\/\/www.ifun.de\/apiv2\/wp\/v2\/posts"}],"about":[{"href":"https:\/\/www.ifun.de\/apiv2\/wp\/v2\/types\/post"}],"author":[{"embeddable":true,"href":"https:\/\/www.ifun.de\/apiv2\/wp\/v2\/users\/2"}],"replies":[{"embeddable":true,"href":"https:\/\/www.ifun.de\/apiv2\/wp\/v2\/comments?post=46338"}],"version-history":[{"count":3,"href":"https:\/\/www.ifun.de\/apiv2\/wp\/v2\/posts\/46338\/revisions"}],"predecessor-version":[{"id":46343,"href":"https:\/\/www.ifun.de\/apiv2\/wp\/v2\/posts\/46338\/revisions\/46343"}],"wp:featuredmedia":[{"embeddable":true,"href":"https:\/\/www.ifun.de\/apiv2\/wp\/v2\/media\/46339"}],"wp:attachment":[{"href":"https:\/\/www.ifun.de\/apiv2\/wp\/v2\/media?parent=46338"}],"wp:term":[{"taxonomy":"category","embeddable":true,"href":"https:\/\/www.ifun.de\/apiv2\/wp\/v2\/categories?post=46338"},{"taxonomy":"post_tag","embeddable":true,"href":"https:\/\/www.ifun.de\/apiv2\/wp\/v2\/tags?post=46338"}],"curies":[{"name":"wp","href":"https:\/\/api.w.org\/{rel}","templated":true}]}}