{"id":46072,"date":"2013-09-06T17:23:23","date_gmt":"2013-09-06T15:23:23","guid":{"rendered":"http:\/\/www.ifun.de\/?p=46072"},"modified":"2013-09-06T18:59:34","modified_gmt":"2013-09-06T16:59:34","slug":"das-neon-emagazine-kommt-aufs-ipad","status":"publish","type":"post","link":"https:\/\/www.ifun.de\/das-neon-emagazine-kommt-aufs-ipad-46072\/","title":{"rendered":"Das NEON eMagazine kommt aufs iPad"},"content":{"rendered":"<p><img loading=\"lazy\" decoding=\"async\" class=\"alignnone size-full wp-image-46083\" alt=\"neon_emag_500px\" src=\"http:\/\/images.ifun.de\/wp-content\/uploads\/2013\/09\/neon_emag_500px.jpg\" width=\"500\" height=\"339\" srcset=\"https:\/\/images.ifun.de\/wp-content\/uploads\/2013\/09\/neon_emag_500px.jpg 500w, https:\/\/images.ifun.de\/wp-content\/uploads\/2013\/09\/neon_emag_500px-300x203.jpg 300w\" sizes=\"auto, (max-width: 500px) 100vw, 500px\" \/><\/p>\n<p>Zum zehnj\u00e4hrigen Jubil\u00e4um erscheint das Magazin &#8222;NEON&#8220; (<a rel=\"noindex, nofollow\" href=\"http:\/\/www.ifun.de\/app\/687073759\">AppStore Link<\/a>) erstmalig in einer digitalen Ausgabe optimiert f\u00fcr das iPad und iPad mini.<\/p>\n<p>Wer NEON noch nicht kennen sollte: Das Magazin hatte fr\u00fcher den Untertitel &#8222;Eigentlich sollten wir erwachsen werden&#8220; und richtet sich laut eigenen Angaben an die Zielgruppe der 20-30-j\u00e4hrigen. Das Themengebiet erstreckt sich auf die Bereiche Gesellschaft und Politik, Mode, Partnerschaft und Sexualit\u00e4t, Beruf und Karriere, Reise sowie Popkultur.<\/p>\n<p>Die App ist optimal aufbereitet f\u00fcr das iPad und umfasst neben dem Magazin auch die NEON Community, das NEON Blog sowie die Rubrik &#8222;Unn\u00fctzes Wissen&#8220; als Quiz zum Spielen.<\/p>\n<p><img loading=\"lazy\" decoding=\"async\" alt=\"neon_ipad_700\" src=\"http:\/\/images.ifun.de\/wp-content\/uploads\/2013\/09\/neon_ipad_700.jpg\" width=\"698\" height=\"328\" \/><\/p>\n<p>Das Magazin ist angereichert mit zus\u00e4tzlichen Bildergalerien, Videos und Musik. Fragen an die Redaktion und eigene Kommentare k\u00f6nnen erfasst werden. Bei der Community handelt es sich um die Mitmachseite, auf der Leser eigene Texte und Bilder ver\u00f6ffentlichen k\u00f6nnen. Auch ein Austausch mit anderen Benutzern ist m\u00f6glich. Im NEON-Blog gibt es aktuelle Beitr\u00e4ge, Debatten und Fundst\u00fccke von der Redaktion.<\/p>\n<blockquote><p>&#8218;Neon&#8216; ist mehr und mehr zu einem Teil des Alltags unserer Leserinnen und Leser geworden &#8211; sowohl analog als digital. Um unsere Leser auf allen Kan\u00e4len zu erreichen, haben wir daher die digitalen und interaktiven Aktivit\u00e4ten ausgebaut und die neue App entwickelt. (Patrick Bauer, Chefredakteur)<\/p><\/blockquote>\n<p>Das erste digitale eMagazine mit der Ausgabe 10\/2013 ist heute im <a rel=\"noindex, nofollow\" href=\"http:\/\/www.ifun.de\/app\/687073759\">AppStore<\/a> erscheinen und f\u00fcr alle Leser kostenlos! Ab der darauf folgenden Ausgabe gilt folgende Preis\u00fcbersicht:<\/p>\n<ul>\n<li>3,59\u20ac f\u00fcr die Einzelausgabe<\/li>\n<li>2,99\u20ac im iTunes-Monatsabo<\/li>\n<li>29,99\u20ac im iTunes-Jahresabo<\/li>\n<li>immer gratis f\u00fcr Print-Abonnenten<\/li>\n<\/ul>\n<p>Das folgende Video wurde beim Foto-Shooting zur aktuellen Titelgeschichte gedreht.<\/p>\n<p><div class=\"responsive-video\"><iframe loading=\"lazy\" src=\"http:\/\/player.vimeo.com\/video\/73673624?title=0&amp;byline=0&amp;portrait=0\" height=\"371\" width=\"700\" allowfullscreen=\"\" frameborder=\"0\"><\/iframe><\/div>(<a href=\"http:\/\/vimeo.com\/73673624\">Direkt-Link<\/a>)<\/p>\n","protected":false},"excerpt":{"rendered":"<a href=\"https:\/\/www.ifun.de\/das-neon-emagazine-kommt-aufs-ipad-46072\/\"><img width=\"150\" height=\"150\" src=\"https:\/\/images.ifun.de\/wp-content\/uploads\/2013\/09\/neon_beitragsbild-150x150.jpg\" class=\"alignright tfe wp-post-image\" alt=\"\" decoding=\"async\" loading=\"lazy\" srcset=\"https:\/\/images.ifun.de\/wp-content\/uploads\/2013\/09\/neon_beitragsbild-150x150.jpg 150w, https:\/\/images.ifun.de\/wp-content\/uploads\/2013\/09\/neon_beitragsbild-298x300.jpg 298w, https:\/\/images.ifun.de\/wp-content\/uploads\/2013\/09\/neon_beitragsbild.jpg 320w\" sizes=\"auto, (max-width: 150px) 100vw, 150px\" \/><\/a><p>Zum zehnj\u00e4hrigen Jubil\u00e4um erscheint das Magazin &#8222;NEON&#8220; (AppStore Link) erstmalig in einer digitalen Ausgabe optimiert f\u00fcr das iPad und iPad mini. Wer NEON noch nicht kennen sollte: Das Magazin hatte fr\u00fcher den Untertitel &#8222;Eigentlich sollten wir erwachsen werden&#8220; und richtet sich laut eigenen Angaben an die Zielgruppe der 20-30-j\u00e4hrigen. Das Themengebiet erstreckt sich auf die [&hellip;]<\/p>\n","protected":false},"author":9,"featured_media":46109,"comment_status":"open","ping_status":"closed","sticky":false,"template":"","format":"standard","meta":{"_acf_changed":false,"footnotes":""},"categories":[10],"tags":[2018,4740,491,2017,2019,189],"class_list":["post-46072","post","type-post","status-publish","format-standard","has-post-thumbnail","hentry","category-ipad","tag-emagazine","tag-ipad","tag-magazin","tag-neon","tag-stern","tag-zeitschrift"],"acf":[],"aioseo_notices":[],"featured_image":["http:\/\/images.ifun.de\/wp-content\/uploads\/2013\/09\/featured_image_640x252.jpg"],"rest_api_enabler":{"featured_image":"http:\/\/images.ifun.de\/wp-content\/uploads\/2013\/09\/featured_image_640x252.jpg"},"_links":{"self":[{"href":"https:\/\/www.ifun.de\/apiv2\/wp\/v2\/posts\/46072","targetHints":{"allow":["GET"]}}],"collection":[{"href":"https:\/\/www.ifun.de\/apiv2\/wp\/v2\/posts"}],"about":[{"href":"https:\/\/www.ifun.de\/apiv2\/wp\/v2\/types\/post"}],"author":[{"embeddable":true,"href":"https:\/\/www.ifun.de\/apiv2\/wp\/v2\/users\/9"}],"replies":[{"embeddable":true,"href":"https:\/\/www.ifun.de\/apiv2\/wp\/v2\/comments?post=46072"}],"version-history":[{"count":27,"href":"https:\/\/www.ifun.de\/apiv2\/wp\/v2\/posts\/46072\/revisions"}],"predecessor-version":[{"id":46145,"href":"https:\/\/www.ifun.de\/apiv2\/wp\/v2\/posts\/46072\/revisions\/46145"}],"wp:featuredmedia":[{"embeddable":true,"href":"https:\/\/www.ifun.de\/apiv2\/wp\/v2\/media\/46109"}],"wp:attachment":[{"href":"https:\/\/www.ifun.de\/apiv2\/wp\/v2\/media?parent=46072"}],"wp:term":[{"taxonomy":"category","embeddable":true,"href":"https:\/\/www.ifun.de\/apiv2\/wp\/v2\/categories?post=46072"},{"taxonomy":"post_tag","embeddable":true,"href":"https:\/\/www.ifun.de\/apiv2\/wp\/v2\/tags?post=46072"}],"curies":[{"name":"wp","href":"https:\/\/api.w.org\/{rel}","templated":true}]}}