{"id":45830,"date":"2013-09-04T11:37:41","date_gmt":"2013-09-04T09:37:41","guid":{"rendered":"http:\/\/www.ifun.de\/?p=45830"},"modified":"2013-09-04T11:43:43","modified_gmt":"2013-09-04T09:43:43","slug":"video-ipad-5-voraussichtlich-mit-15-cm-weniger-seitlichem-rand","status":"publish","type":"post","link":"https:\/\/www.ifun.de\/video-ipad-5-voraussichtlich-mit-15-cm-weniger-seitlichem-rand-45830\/","title":{"rendered":"Video: iPad 5 voraussichtlich mit 1,5 cm weniger Rand und d\u00fcnner"},"content":{"rendered":"<p>Mit der Erkenntnis, dass das Geh\u00e4use des iPad 5 sich wohl deutlich an den Formen des iPad mini orientiert, lockt man niemand mehr hinter dem Ofen vor. Doch das unten eingebettete Video zeigt eines der angeblich f\u00fcr die n\u00e4chste iPad-Generation bestimmten Geh\u00e4use erfreulich detailliert.<\/p>\n<p><a href=\"http:\/\/images.ifun.de\/wp-content\/uploads\/2013\/09\/ipad-vergleich.jpg\"><img loading=\"lazy\" decoding=\"async\" src=\"http:\/\/images.ifun.de\/wp-content\/uploads\/2013\/09\/ipad-vergleich.jpg\" alt=\"ipad-vergleich\" width=\"500\" height=\"284\" class=\"aligncenter size-full wp-image-45832\" srcset=\"https:\/\/images.ifun.de\/wp-content\/uploads\/2013\/09\/ipad-vergleich.jpg 500w, https:\/\/images.ifun.de\/wp-content\/uploads\/2013\/09\/ipad-vergleich-300x170.jpg 300w\" sizes=\"auto, (max-width: 500px) 100vw, 500px\" \/><\/a><\/p>\n<p>Die Macher des YouTube-Kanals <a href=\"http:\/\/www.youtube.com\/watch?v=1nQAGuhAq_8&#038;feature=youtu.be\">Unbox Therapy<\/a> vergleichen die zusammen geklickten Vorder- und R\u00fcckseiten mit einem aktuellen iPad-Modell und legen dabei auch den Meterstab an. Sollte es sich bei den verwendeten Teilen tats\u00e4chlich um Originalbauteile der n\u00e4chsten iPad-Generation handeln, so spart das neue Design 1,5 cm ein und Apples n\u00e4chstes iPad ist bei gleicher Bildschirmgr\u00f6\u00dfe nur noch 17 cm breit. (via <a href=\"http:\/\/www.theverge.com\/2013\/9\/4\/4692946\/new-retina-ipad-video-leak\">The Verge<\/a>)<\/p>\n<p>Es ist unklar, ob Apple die n\u00e4chste iPad-Generation bereits n\u00e4chste Woche auf dem iPhone-Event oder zu einem sp\u00e4teren Zeitpunkt vorstellt. Allgemein wird derzeit aber erwartet, dass mit etwas Abstand zur iPhone-Pr\u00e4sentation eine separate iPad-Vorstellung in fr\u00fchestens 4 Wochen folgt.<\/p>\n<p><div class=\"responsive-video\"><iframe loading=\"lazy\" width=\"700\" height=\"525\" src=\"\/\/www.youtube-nocookie.com\/embed\/1nQAGuhAq_8?rel=0\" frameborder=\"0\" allowfullscreen><\/iframe><\/div><br \/>\n(<a href=\"http:\/\/youtu.be\/1nQAGuhAq_8\">Direktlink zum Video<\/a>)<\/p>\n","protected":false},"excerpt":{"rendered":"<a href=\"https:\/\/www.ifun.de\/video-ipad-5-voraussichtlich-mit-15-cm-weniger-seitlichem-rand-45830\/\"><img width=\"150\" height=\"150\" src=\"https:\/\/images.ifun.de\/wp-content\/uploads\/2013\/09\/ipad-vergleich-150x150.jpg\" class=\"alignright tfe wp-post-image\" alt=\"\" decoding=\"async\" loading=\"lazy\" \/><\/a><p>Mit der Erkenntnis, dass das Geh\u00e4use des iPad 5 sich wohl deutlich an den Formen des iPad mini orientiert, lockt man niemand mehr hinter dem Ofen vor. Doch das unten eingebettete Video zeigt eines der angeblich f\u00fcr die n\u00e4chste iPad-Generation bestimmten Geh\u00e4use erfreulich detailliert. Die Macher des YouTube-Kanals Unbox Therapy vergleichen die zusammen geklickten Vorder- [&hellip;]<\/p>\n","protected":false},"author":2,"featured_media":45832,"comment_status":"open","ping_status":"closed","sticky":false,"template":"","format":"standard","meta":{"_acf_changed":false,"footnotes":""},"categories":[20],"tags":[4740,1673,31],"class_list":["post-45830","post","type-post","status-publish","format-standard","has-post-thumbnail","hentry","category-videos","tag-ipad","tag-ipad-5","tag-video"],"acf":[],"aioseo_notices":[],"featured_image":["http:\/\/images.ifun.de\/wp-content\/uploads\/2013\/09\/ipad-vergleich-header.jpg"],"rest_api_enabler":{"featured_image":"http:\/\/images.ifun.de\/wp-content\/uploads\/2013\/09\/ipad-vergleich-header.jpg"},"_links":{"self":[{"href":"https:\/\/www.ifun.de\/apiv2\/wp\/v2\/posts\/45830","targetHints":{"allow":["GET"]}}],"collection":[{"href":"https:\/\/www.ifun.de\/apiv2\/wp\/v2\/posts"}],"about":[{"href":"https:\/\/www.ifun.de\/apiv2\/wp\/v2\/types\/post"}],"author":[{"embeddable":true,"href":"https:\/\/www.ifun.de\/apiv2\/wp\/v2\/users\/2"}],"replies":[{"embeddable":true,"href":"https:\/\/www.ifun.de\/apiv2\/wp\/v2\/comments?post=45830"}],"version-history":[{"count":6,"href":"https:\/\/www.ifun.de\/apiv2\/wp\/v2\/posts\/45830\/revisions"}],"predecessor-version":[{"id":45838,"href":"https:\/\/www.ifun.de\/apiv2\/wp\/v2\/posts\/45830\/revisions\/45838"}],"wp:featuredmedia":[{"embeddable":true,"href":"https:\/\/www.ifun.de\/apiv2\/wp\/v2\/media\/45832"}],"wp:attachment":[{"href":"https:\/\/www.ifun.de\/apiv2\/wp\/v2\/media?parent=45830"}],"wp:term":[{"taxonomy":"category","embeddable":true,"href":"https:\/\/www.ifun.de\/apiv2\/wp\/v2\/categories?post=45830"},{"taxonomy":"post_tag","embeddable":true,"href":"https:\/\/www.ifun.de\/apiv2\/wp\/v2\/tags?post=45830"}],"curies":[{"name":"wp","href":"https:\/\/api.w.org\/{rel}","templated":true}]}}