{"id":44813,"date":"2013-08-21T07:12:17","date_gmt":"2013-08-21T05:12:17","guid":{"rendered":"http:\/\/www.ifun.de\/?p=44813"},"modified":"2013-08-21T07:12:17","modified_gmt":"2013-08-21T05:12:17","slug":"apple-online-store-nicht-erreichbar-vermutlich-wartungsarbeiten","status":"publish","type":"post","link":"https:\/\/www.ifun.de\/apple-online-store-nicht-erreichbar-vermutlich-wartungsarbeiten-44813\/","title":{"rendered":"Apple Online-Store nicht erreichbar &#8211; vermutlich Wartungsarbeiten"},"content":{"rendered":"<p>Das hatten wir ja nun schon ein Weilchen nicht mehr:  Der <a href=\"http:\/\/ifun.de\/applestore\/http:\/\/store.apple.com\/de\/go\/home\">Apple Online-Store<\/a> ist aktuell nicht erreichbar.<\/p>\n<p><a href=\"http:\/\/images.ifun.de\/wp-content\/uploads\/2013\/05\/applestore.jpg\"><img loading=\"lazy\" decoding=\"async\" src=\"http:\/\/images.ifun.de\/wp-content\/uploads\/2013\/05\/applestore.jpg\" alt=\"applestore\" width=\"500\" height=\"304\" class=\"alignnone size-full wp-image-39921\" srcset=\"https:\/\/images.ifun.de\/wp-content\/uploads\/2013\/05\/applestore.jpg 500w, https:\/\/images.ifun.de\/wp-content\/uploads\/2013\/05\/applestore-300x182.jpg 300w\" sizes=\"auto, (max-width: 500px) 100vw, 500px\" \/><\/a><\/p>\n<p>Die Uhrzeit l\u00e4sst allerdings eher eine durch Wartungsarbeiten bedingte Schlie\u00dfung vermuten. Mit neuen Produkten, beispielsweise dem Verkaufsstart des Mac Pro, rechnen wir zudem erst nach der Ver\u00f6ffentlichung von OS X Mavericks.<\/p>\n<p>Apple hat in letzter Zeit derartige Pausen auch immer wieder dazu genutzt, den Online-Store optisch anzupassen. \u00dcber relevante \u00c4nderungen halten wir euch selbstverst\u00e4ndlich auf dem Laufenden.<br \/>\n(Vielen Dank f\u00fcr eure Mails)<\/p>\n","protected":false},"excerpt":{"rendered":"<a href=\"https:\/\/www.ifun.de\/apple-online-store-nicht-erreichbar-vermutlich-wartungsarbeiten-44813\/\"><img decoding=\"async\" width=\"150\" src=\"http:\/\/images.ifun.de\/wp-content\/uploads\/2013\/05\/applestore.jpg\" class=\"alignright wp-post-image tfe\" alt=\"applestore\" title=\"\" \/><\/a><p>Das hatten wir ja nun schon ein Weilchen nicht mehr: Der Apple Online-Store ist aktuell nicht erreichbar. Die Uhrzeit l\u00e4sst allerdings eher eine durch Wartungsarbeiten bedingte Schlie\u00dfung vermuten. Mit neuen Produkten, beispielsweise dem Verkaufsstart des Mac Pro, rechnen wir zudem erst nach der Ver\u00f6ffentlichung von OS X Mavericks. Apple hat in letzter Zeit derartige Pausen [&hellip;]<\/p>\n","protected":false},"author":2,"featured_media":0,"comment_status":"open","ping_status":"closed","sticky":false,"template":"","format":"standard","meta":{"_acf_changed":false,"footnotes":""},"categories":[3],"tags":[4736,49],"class_list":["post-44813","post","type-post","status-publish","format-standard","hentry","category-apple","tag-apple","tag-apple-store"],"acf":[],"aioseo_notices":[],"featured_image":["http:\/\/images.ifun.de\/wp-content\/uploads\/2013\/05\/baldwiederda.jpg"],"rest_api_enabler":{"featured_image":"http:\/\/images.ifun.de\/wp-content\/uploads\/2013\/05\/baldwiederda.jpg"},"_links":{"self":[{"href":"https:\/\/www.ifun.de\/apiv2\/wp\/v2\/posts\/44813","targetHints":{"allow":["GET"]}}],"collection":[{"href":"https:\/\/www.ifun.de\/apiv2\/wp\/v2\/posts"}],"about":[{"href":"https:\/\/www.ifun.de\/apiv2\/wp\/v2\/types\/post"}],"author":[{"embeddable":true,"href":"https:\/\/www.ifun.de\/apiv2\/wp\/v2\/users\/2"}],"replies":[{"embeddable":true,"href":"https:\/\/www.ifun.de\/apiv2\/wp\/v2\/comments?post=44813"}],"version-history":[{"count":2,"href":"https:\/\/www.ifun.de\/apiv2\/wp\/v2\/posts\/44813\/revisions"}],"predecessor-version":[{"id":47915,"href":"https:\/\/www.ifun.de\/apiv2\/wp\/v2\/posts\/44813\/revisions\/47915"}],"wp:attachment":[{"href":"https:\/\/www.ifun.de\/apiv2\/wp\/v2\/media?parent=44813"}],"wp:term":[{"taxonomy":"category","embeddable":true,"href":"https:\/\/www.ifun.de\/apiv2\/wp\/v2\/categories?post=44813"},{"taxonomy":"post_tag","embeddable":true,"href":"https:\/\/www.ifun.de\/apiv2\/wp\/v2\/tags?post=44813"}],"curies":[{"name":"wp","href":"https:\/\/api.w.org\/{rel}","templated":true}]}}