{"id":42133,"date":"2013-07-01T07:34:07","date_gmt":"2013-07-01T05:34:07","guid":{"rendered":"http:\/\/www.ifun.de\/?p=42133"},"modified":"2013-07-01T07:34:07","modified_gmt":"2013-07-01T05:34:07","slug":"aufmasszeichnungen-sollen-belegen-ipad-5-wird-kleiner-und-duenner","status":"publish","type":"post","link":"https:\/\/www.ifun.de\/aufmasszeichnungen-sollen-belegen-ipad-5-wird-kleiner-und-duenner-42133\/","title":{"rendered":"Aufma\u00dfzeichnungen sollen belegen: iPad 5 wird kleiner und d\u00fcnner"},"content":{"rendered":"<p>Die franz\u00f6sische Webseite <a href=\"http:\/\/www.nowhereelse.fr\">Nowhereelse<\/a> hat am Wochenende nicht nur <a href=\"http:\/\/www.iphone-ticker.de\/fotos-billig-iphone-5s-49873\/\">Fotos von bunten R\u00fcckschalen<\/a> ver\u00f6ffentlicht, die angeblich von der n\u00e4chsten iPhone-Generation bzw. einem \u201eBillig-iPhone\u201c stammen, sondern versorgt uns auch mit detaillierten Aufma\u00dfzeichnungen der n\u00e4chsten iPad-Generation.<\/p>\n<p><a href=\"http:\/\/images.ifun.de\/wp-content\/uploads\/2013\/07\/ipad-skizze-1.jpg\"><img loading=\"lazy\" decoding=\"async\" src=\"http:\/\/images.ifun.de\/wp-content\/uploads\/2013\/07\/ipad-skizze-1.jpg\" alt=\"ipad-skizze-1\" width=\"500\" height=\"209\" class=\"alignnone size-full wp-image-42134\" srcset=\"https:\/\/images.ifun.de\/wp-content\/uploads\/2013\/07\/ipad-skizze-1.jpg 500w, https:\/\/images.ifun.de\/wp-content\/uploads\/2013\/07\/ipad-skizze-1-300x125.jpg 300w\" sizes=\"auto, (max-width: 500px) 100vw, 500px\" \/><\/a><\/p>\n<p>Die gro\u00dfe \u00dcberraschung bleibt hier allerdings aus. Die Skizzen geben mehr oder weniger exakt wieder, was sich mit ersten <a href=\"http:\/\/www.ifun.de\/bilder-ipad-5-34673\/\">Teilesichtungen<\/a> und <a href=\"http:\/\/www.ifun.de\/ipad-5-bilder-34475\/\">Spekulationen<\/a> bereits angedeutet hat und auch Sinn macht: Apple wird das Design des iPad mini wohl auf das \u201egro\u00dfe iPad\u201c \u00fcbertragen, dementsprechend wird das Ger\u00e4t nicht nur in der Grundfl\u00e4che kleiner, sondern auch etwas d\u00fcnner.<\/p>\n<p><a href=\"http:\/\/images.ifun.de\/wp-content\/uploads\/2013\/07\/ipad-skizzen-2.jpg\"><img loading=\"lazy\" decoding=\"async\" src=\"http:\/\/images.ifun.de\/wp-content\/uploads\/2013\/07\/ipad-skizzen-2.jpg\" alt=\"ipad-skizzen-2\" width=\"630\" height=\"193\" class=\"alignnone size-full wp-image-42136\" srcset=\"https:\/\/images.ifun.de\/wp-content\/uploads\/2013\/07\/ipad-skizzen-2.jpg 630w, https:\/\/images.ifun.de\/wp-content\/uploads\/2013\/07\/ipad-skizzen-2-300x91.jpg 300w\" sizes=\"auto, (max-width: 630px) 100vw, 630px\" \/><\/a><\/p>\n<p>Unabh\u00e4ngig vom \u00c4u\u00dferen gilt es als gesetzt, dass Apple wie gewohnt auch das Innenleben des Ger\u00e4ts \u00fcberarbeitet. Ein neuer, schnellerer Prozessor steht au\u00dfer Frage, m\u00f6glicherweise begleitet von neuen Kameramodulen.<\/p>\n<p>Bis zur Ver\u00f6ffentlichung werden wir uns noch etwas gedulden m\u00fcssen. Wir rechnen mit einer Produktvorstellung zwischen Mitte September und Mitte Oktober, unklar ist bislang, ob zu diesem Termin auch schon ein neues iPad mini oder lediglich die 5. Generation des gro\u00dfen iPad vorgestellt wird.<\/p>\n","protected":false},"excerpt":{"rendered":"<a href=\"https:\/\/www.ifun.de\/aufmasszeichnungen-sollen-belegen-ipad-5-wird-kleiner-und-duenner-42133\/\"><img width=\"150\" height=\"150\" src=\"https:\/\/images.ifun.de\/wp-content\/uploads\/2013\/07\/ipad-skizze-1-150x150.jpg\" class=\"alignright tfe wp-post-image\" alt=\"\" decoding=\"async\" loading=\"lazy\" \/><\/a><p>Die franz\u00f6sische Webseite Nowhereelse hat am Wochenende nicht nur Fotos von bunten R\u00fcckschalen ver\u00f6ffentlicht, die angeblich von der n\u00e4chsten iPhone-Generation bzw. einem \u201eBillig-iPhone\u201c stammen, sondern versorgt uns auch mit detaillierten Aufma\u00dfzeichnungen der n\u00e4chsten iPad-Generation. Die gro\u00dfe \u00dcberraschung bleibt hier allerdings aus. Die Skizzen geben mehr oder weniger exakt wieder, was sich mit ersten Teilesichtungen und [&hellip;]<\/p>\n","protected":false},"author":2,"featured_media":42134,"comment_status":"open","ping_status":"closed","sticky":false,"template":"","format":"standard","meta":{"_acf_changed":false,"footnotes":""},"categories":[10],"tags":[1909,3910,1673],"class_list":["post-42133","post","type-post","status-publish","format-standard","has-post-thumbnail","hentry","category-ipad","tag-abmessungen","tag-geruechte","tag-ipad-5"],"acf":[],"aioseo_notices":[],"featured_image":["http:\/\/images.ifun.de\/wp-content\/uploads\/2013\/07\/ipad-skizze-640.jpg"],"rest_api_enabler":{"featured_image":"http:\/\/images.ifun.de\/wp-content\/uploads\/2013\/07\/ipad-skizze-640.jpg"},"_links":{"self":[{"href":"https:\/\/www.ifun.de\/apiv2\/wp\/v2\/posts\/42133","targetHints":{"allow":["GET"]}}],"collection":[{"href":"https:\/\/www.ifun.de\/apiv2\/wp\/v2\/posts"}],"about":[{"href":"https:\/\/www.ifun.de\/apiv2\/wp\/v2\/types\/post"}],"author":[{"embeddable":true,"href":"https:\/\/www.ifun.de\/apiv2\/wp\/v2\/users\/2"}],"replies":[{"embeddable":true,"href":"https:\/\/www.ifun.de\/apiv2\/wp\/v2\/comments?post=42133"}],"version-history":[{"count":1,"href":"https:\/\/www.ifun.de\/apiv2\/wp\/v2\/posts\/42133\/revisions"}],"predecessor-version":[{"id":42137,"href":"https:\/\/www.ifun.de\/apiv2\/wp\/v2\/posts\/42133\/revisions\/42137"}],"wp:featuredmedia":[{"embeddable":true,"href":"https:\/\/www.ifun.de\/apiv2\/wp\/v2\/media\/42134"}],"wp:attachment":[{"href":"https:\/\/www.ifun.de\/apiv2\/wp\/v2\/media?parent=42133"}],"wp:term":[{"taxonomy":"category","embeddable":true,"href":"https:\/\/www.ifun.de\/apiv2\/wp\/v2\/categories?post=42133"},{"taxonomy":"post_tag","embeddable":true,"href":"https:\/\/www.ifun.de\/apiv2\/wp\/v2\/tags?post=42133"}],"curies":[{"name":"wp","href":"https:\/\/api.w.org\/{rel}","templated":true}]}}