{"id":42013,"date":"2013-06-26T18:05:20","date_gmt":"2013-06-26T16:05:20","guid":{"rendered":"http:\/\/www.ifun.de\/?p=42013"},"modified":"2013-06-26T18:05:20","modified_gmt":"2013-06-26T16:05:20","slug":"ios-7-flexibler-beim-einsatz-in-unternehmen-u-a-sync-von-outlook-notizen-angekuendigt","status":"publish","type":"post","link":"https:\/\/www.ifun.de\/ios-7-flexibler-beim-einsatz-in-unternehmen-u-a-sync-von-outlook-notizen-angekuendigt-42013\/","title":{"rendered":"iOS 7 flexibler beim Einsatz in Unternehmen &#8211; u.a. Sync von Outlook-Notizen angek\u00fcndigt"},"content":{"rendered":"<p>Die Diskussionen um die optischen \u00c4nderungen in iOS 7 mal beiseite, die vermutlich l\u00e4ngst nicht vollst\u00e4ndige <a href=\"http:\/\/www.iphone-ticker.de\/tag\/ios7\/\">Liste der Neuerungen<\/a> in der n\u00e4chsten Generation von Apples Mobilbetriebssystem ist durchaus beeindruckend.<br \/>\nAuch f\u00fcr gesch\u00e4ftliche Anwender hat Apple mit dem f\u00fcr Herbst angek\u00fcndigten Update einiges in petto. Auf der &#8211; momentan leider bislang noch nicht \u00fcbersetzten &#8211; Sonderseite <a href=\"https:\/\/www.apple.com\/ios\/ios7\/business\/\">iOS 7 Business<\/a> listet Apple eine Reihe durchaus interessanter Neuerungen in den Bereichen Sicherheit und Produktivit\u00e4t.<\/p>\n<p><a href=\"http:\/\/images.ifun.de\/wp-content\/uploads\/2013\/06\/unternehmen.jpg\"><img loading=\"lazy\" decoding=\"async\" src=\"http:\/\/images.ifun.de\/wp-content\/uploads\/2013\/06\/unternehmen.jpg\" alt=\"unternehmen\" width=\"500\" height=\"74\" class=\"alignnone size-full wp-image-42018\" srcset=\"https:\/\/images.ifun.de\/wp-content\/uploads\/2013\/06\/unternehmen.jpg 500w, https:\/\/images.ifun.de\/wp-content\/uploads\/2013\/06\/unternehmen-300x44.jpg 300w\" sizes=\"auto, (max-width: 500px) 100vw, 500px\" \/><\/a><\/p>\n<p>Die Optionen beim Mobile Device Management (MDM) sollen umfassend verbessert und Administratoren flexiblere M\u00f6glichkeiten f\u00fcr das Einrichten der Ger\u00e4te in die Hand gegeben werden. Insbesondere die Erstinstallation soll hier deutlich einfacher und unkomplizierter werden.<\/p>\n<p>\u00dcber die M\u00f6glichkeit, den Posteingang flexibler zu konfigurieren und intelligente Mailboxen einzurichten haben ja wir bereits <a href=\"http:\/\/www.iphone-ticker.de\/ios-7-schnipsel-konfigurierbare-postfach-liste-49693\/\">berichtet<\/a>. Microsoft-Exchange-2010-Nutzer werden sich zudem \u00fcber die k\u00fcnftige M\u00f6glichkeit freuen, ihre Outlook-Notizen mit dem iOS-Ger\u00e4t zu synchronisieren.<br \/>\n(Danke Stefan)<\/p>\n","protected":false},"excerpt":{"rendered":"<a href=\"https:\/\/www.ifun.de\/ios-7-flexibler-beim-einsatz-in-unternehmen-u-a-sync-von-outlook-notizen-angekuendigt-42013\/\"><img width=\"150\" height=\"149\" src=\"https:\/\/images.ifun.de\/wp-content\/uploads\/2013\/06\/ios71.jpg\" class=\"alignright tfe wp-post-image\" alt=\"\" decoding=\"async\" loading=\"lazy\" \/><\/a><p>Die Diskussionen um die optischen \u00c4nderungen in iOS 7 mal beiseite, die vermutlich l\u00e4ngst nicht vollst\u00e4ndige Liste der Neuerungen in der n\u00e4chsten Generation von Apples Mobilbetriebssystem ist durchaus beeindruckend. Auch f\u00fcr gesch\u00e4ftliche Anwender hat Apple mit dem f\u00fcr Herbst angek\u00fcndigten Update einiges in petto. Auf der &#8211; momentan leider bislang noch nicht \u00fcbersetzten &#8211; Sonderseite [&hellip;]<\/p>\n","protected":false},"author":2,"featured_media":42017,"comment_status":"open","ping_status":"closed","sticky":false,"template":"","format":"standard","meta":{"_acf_changed":false,"footnotes":""},"categories":[9],"tags":[889,950,1820,1894,92,167,948],"class_list":["post-42013","post","type-post","status-publish","format-standard","has-post-thumbnail","hentry","category-ios","tag-business","tag-exchange","tag-ios-7","tag-outlook","tag-sicherheit","tag-sync","tag-unternehmen"],"acf":[],"aioseo_notices":[],"featured_image":["http:\/\/images.ifun.de\/wp-content\/uploads\/2013\/06\/icons.jpg"],"rest_api_enabler":{"featured_image":"http:\/\/images.ifun.de\/wp-content\/uploads\/2013\/06\/icons.jpg"},"_links":{"self":[{"href":"https:\/\/www.ifun.de\/apiv2\/wp\/v2\/posts\/42013","targetHints":{"allow":["GET"]}}],"collection":[{"href":"https:\/\/www.ifun.de\/apiv2\/wp\/v2\/posts"}],"about":[{"href":"https:\/\/www.ifun.de\/apiv2\/wp\/v2\/types\/post"}],"author":[{"embeddable":true,"href":"https:\/\/www.ifun.de\/apiv2\/wp\/v2\/users\/2"}],"replies":[{"embeddable":true,"href":"https:\/\/www.ifun.de\/apiv2\/wp\/v2\/comments?post=42013"}],"version-history":[{"count":3,"href":"https:\/\/www.ifun.de\/apiv2\/wp\/v2\/posts\/42013\/revisions"}],"predecessor-version":[{"id":42019,"href":"https:\/\/www.ifun.de\/apiv2\/wp\/v2\/posts\/42013\/revisions\/42019"}],"wp:featuredmedia":[{"embeddable":true,"href":"https:\/\/www.ifun.de\/apiv2\/wp\/v2\/media\/42017"}],"wp:attachment":[{"href":"https:\/\/www.ifun.de\/apiv2\/wp\/v2\/media?parent=42013"}],"wp:term":[{"taxonomy":"category","embeddable":true,"href":"https:\/\/www.ifun.de\/apiv2\/wp\/v2\/categories?post=42013"},{"taxonomy":"post_tag","embeddable":true,"href":"https:\/\/www.ifun.de\/apiv2\/wp\/v2\/tags?post=42013"}],"curies":[{"name":"wp","href":"https:\/\/api.w.org\/{rel}","templated":true}]}}