{"id":41754,"date":"2013-06-20T09:58:00","date_gmt":"2013-06-20T07:58:00","guid":{"rendered":"http:\/\/www.ifun.de\/?p=41754"},"modified":"2013-06-20T09:58:00","modified_gmt":"2013-06-20T07:58:00","slug":"erste-benchmarks-zum-neuen-mac-pro-2013","status":"publish","type":"post","link":"https:\/\/www.ifun.de\/erste-benchmarks-zum-neuen-mac-pro-2013-41754\/","title":{"rendered":"Erste Benchmarks zum neuen Mac Pro 2013"},"content":{"rendered":"<p>Nicht offiziell und vermutlich auch l\u00e4ngst nicht vollst\u00e4ndig optimiert, dennoch liegen offenbar <a href=\"http:\/\/browser.primatelabs.com\/geekbench2\/2064275\">erste Benchmark-Ergebnisse<\/a> des letzte Woche angek\u00fcndigten neuen Mac Pro vor.<\/p>\n<p><a href=\"http:\/\/images.ifun.de\/wp-content\/uploads\/2013\/06\/macpro-prozessor.jpg\"><img loading=\"lazy\" decoding=\"async\" src=\"http:\/\/images.ifun.de\/wp-content\/uploads\/2013\/06\/macpro-prozessor.jpg\" alt=\"macpro-prozessor\" width=\"500\" height=\"409\" class=\"alignnone size-full wp-image-41756\" srcset=\"https:\/\/images.ifun.de\/wp-content\/uploads\/2013\/06\/macpro-prozessor.jpg 500w, https:\/\/images.ifun.de\/wp-content\/uploads\/2013\/06\/macpro-prozessor-300x245.jpg 300w\" sizes=\"auto, (max-width: 500px) 100vw, 500px\" \/><\/a><\/p>\n<p>Im Vergleich mit seinem Vorg\u00e4nger, Apples ebenfalls mit 12 Kernen ausgestattetem aber mit 3,07 statt 2,7 GHz ausgestattetem Mac Pro 2012 kann der neue Mac in der Gesamtperformance um knapp 9 Prozent zulegen. Auf den ersten Blick kein sonderlich eindrucksvolles Ergebnis, aber diese Werte d\u00fcrften sich noch verbessern. Es ist davon auszugehen, dass Apple momentan noch flei\u00dfig auf Hard- wie auch Softwareseite optimiert.<\/p>\n<p>Unabh\u00e4ngig von der CPU-Leistung d\u00fcrften vor allem Apples neue Grafikprozessoren f\u00fcr einen hier nicht ber\u00fccksichtigten Leistungszuwachs sorgen. Apple argumentiert, dass neben der CPU heute vor allem die Grafikleistung ma\u00dfgeblich relevant ist und verbaut erstmals zwei Grafikprozessoren in einem Computer. Die beiden FirePro-Prozessoren von AMD bringen es mit 7 <a href=\"http:\/\/de.wikipedia.org\/wiki\/Teraflop\">Teraflops<\/a> auf mehr als das Doppelte des Vorg\u00e4ngers (2,7 Teraflops). Dies erlaubt Anwendern bis zu 3 hochaufl\u00f6sende 4K-Bildschirme gleichzeitig am neuen Mac Pro zu betreiben (<a href=\"http:\/\/www.ifun.de\/mehrere-bildschirme-unter-os-x-mavericks-im-ueberblick-auch-apple-tv-wird-unterstuetzt-41611\/\">wir berichteten<\/a>). <\/p>\n<h3>Wie kann es sein, dass bereits jetzt Benchmark-Ergebnisse des neuen Mac Pro vorliegen?<\/h3>\n<p>Wir wollen einmal davon ausgehen, dass die bei Geekbench gelisteten Werte reell sind. Solche Eintr\u00e4ge werden automatisch erstellt, wenn Anwender den Geekbench-Geschwindigkeitstest auf ihren Systemen ausf\u00fchren. Nat\u00fcrlich lie\u00dfen sich diese Ergebnisse auch f\u00e4lschen, in der Vergangenheit war es allerdings durchaus schon \u00f6fter der Fall, dass kurz vor neuen Hardware-Ver\u00f6ffentlichungen seitens Apple die ersten Testergebnisse in die Geekbench-Listen einflossen.<br \/>\n(via <a href=\"http:\/\/www.macrumors.com\/2013\/06\/19\/apples-new-mac-pro-begins-showing-up-in-benchmarks\/\">Mac Rumors<\/a>)<\/p>\n","protected":false},"excerpt":{"rendered":"<a href=\"https:\/\/www.ifun.de\/erste-benchmarks-zum-neuen-mac-pro-2013-41754\/\"><img width=\"150\" height=\"150\" src=\"https:\/\/images.ifun.de\/wp-content\/uploads\/2013\/06\/macpro-prozessor-150x150.jpg\" class=\"alignright tfe wp-post-image\" alt=\"\" decoding=\"async\" loading=\"lazy\" \/><\/a><p>Nicht offiziell und vermutlich auch l\u00e4ngst nicht vollst\u00e4ndig optimiert, dennoch liegen offenbar erste Benchmark-Ergebnisse des letzte Woche angek\u00fcndigten neuen Mac Pro vor. Im Vergleich mit seinem Vorg\u00e4nger, Apples ebenfalls mit 12 Kernen ausgestattetem aber mit 3,07 statt 2,7 GHz ausgestattetem Mac Pro 2012 kann der neue Mac in der Gesamtperformance um knapp 9 Prozent zulegen. [&hellip;]<\/p>\n","protected":false},"author":2,"featured_media":41756,"comment_status":"open","ping_status":"closed","sticky":false,"template":"","format":"standard","meta":{"_acf_changed":false,"footnotes":""},"categories":[16],"tags":[331,1238,413,345],"class_list":["post-41754","post","type-post","status-publish","format-standard","has-post-thumbnail","hentry","category-mac","tag-benchmark","tag-mac-pro","tag-prozessor","tag-test"],"acf":[],"aioseo_notices":[],"featured_image":["http:\/\/images.ifun.de\/wp-content\/uploads\/2013\/06\/macpro-header.jpg","http:\/\/images.ifun.de\/wp-content\/uploads\/2013\/06\/macpro-header.jpg"],"rest_api_enabler":{"featured_image":["http:\/\/images.ifun.de\/wp-content\/uploads\/2013\/06\/macpro-header.jpg","http:\/\/images.ifun.de\/wp-content\/uploads\/2013\/06\/macpro-header.jpg"]},"_links":{"self":[{"href":"https:\/\/www.ifun.de\/apiv2\/wp\/v2\/posts\/41754","targetHints":{"allow":["GET"]}}],"collection":[{"href":"https:\/\/www.ifun.de\/apiv2\/wp\/v2\/posts"}],"about":[{"href":"https:\/\/www.ifun.de\/apiv2\/wp\/v2\/types\/post"}],"author":[{"embeddable":true,"href":"https:\/\/www.ifun.de\/apiv2\/wp\/v2\/users\/2"}],"replies":[{"embeddable":true,"href":"https:\/\/www.ifun.de\/apiv2\/wp\/v2\/comments?post=41754"}],"version-history":[{"count":2,"href":"https:\/\/www.ifun.de\/apiv2\/wp\/v2\/posts\/41754\/revisions"}],"predecessor-version":[{"id":41758,"href":"https:\/\/www.ifun.de\/apiv2\/wp\/v2\/posts\/41754\/revisions\/41758"}],"wp:featuredmedia":[{"embeddable":true,"href":"https:\/\/www.ifun.de\/apiv2\/wp\/v2\/media\/41756"}],"wp:attachment":[{"href":"https:\/\/www.ifun.de\/apiv2\/wp\/v2\/media?parent=41754"}],"wp:term":[{"taxonomy":"category","embeddable":true,"href":"https:\/\/www.ifun.de\/apiv2\/wp\/v2\/categories?post=41754"},{"taxonomy":"post_tag","embeddable":true,"href":"https:\/\/www.ifun.de\/apiv2\/wp\/v2\/tags?post=41754"}],"curies":[{"name":"wp","href":"https:\/\/api.w.org\/{rel}","templated":true}]}}