{"id":41194,"date":"2013-06-11T11:09:11","date_gmt":"2013-06-11T09:09:11","guid":{"rendered":"http:\/\/www.ifun.de\/?p=41194"},"modified":"2013-06-11T11:09:11","modified_gmt":"2013-06-11T09:09:11","slug":"wwdc-keynote-steht-als-hd-podcast-zum-download-bereit","status":"publish","type":"post","link":"https:\/\/www.ifun.de\/wwdc-keynote-steht-als-hd-podcast-zum-download-bereit-41194\/","title":{"rendered":"WWDC-Keynote steht als HD-Podcast zum Download bereit"},"content":{"rendered":"<p>Falls ihr euch die gestrige Apple-Keynote noch einmal in Ruhe und allerbester Qualit\u00e4t ansehen wollt: Die Videoaufzeichnung der knapp zwei Stunden langen Veranstaltung steht nun \u00fcber <a href=\"https:\/\/itunes.apple.com\/de\/podcast\/apple-keynotes\/id275834665?mt=2&#038;partnerId=2003\">Apples Keynote-Podcast<\/a> auch als Download zur Verf\u00fcgung.<\/p>\n<p><a href=\"http:\/\/images.ifun.de\/wp-content\/uploads\/2013\/06\/keynotepodcast.jpg\"><img loading=\"lazy\" decoding=\"async\" src=\"http:\/\/images.ifun.de\/wp-content\/uploads\/2013\/06\/keynotepodcast.jpg\" alt=\"keynotepodcast\" width=\"500\" height=\"374\" class=\"alignnone size-full wp-image-41195\" srcset=\"https:\/\/images.ifun.de\/wp-content\/uploads\/2013\/06\/keynotepodcast.jpg 500w, https:\/\/images.ifun.de\/wp-content\/uploads\/2013\/06\/keynotepodcast-300x224.jpg 300w\" sizes=\"auto, (max-width: 500px) 100vw, 500px\" \/><\/a><\/p>\n<p>Damit ihr die Bandbreite eurer Internetleitung so richtig auslasten k\u00f6nnt, h\u00e4lt Apple zus\u00e4tzlich zur oben verlinkten, 1,5 GB gro\u00dfen Standardaufl\u00f6sung auch eine <a href=\"https:\/\/itunes.apple.com\/de\/podcast\/apple-keynotes-hd\/id470664050?mt=2&#038;partnerId=2003\">HD-Version<\/a> mit satten 3 Gigabyte Dateigr\u00f6\u00dfe bereit.<\/p>\n","protected":false},"excerpt":{"rendered":"<a href=\"https:\/\/www.ifun.de\/wwdc-keynote-steht-als-hd-podcast-zum-download-bereit-41194\/\"><img width=\"150\" height=\"150\" src=\"https:\/\/images.ifun.de\/wp-content\/uploads\/2013\/06\/keynotes-150.jpg\" class=\"alignright tfe wp-post-image\" alt=\"\" decoding=\"async\" loading=\"lazy\" \/><\/a><p>Falls ihr euch die gestrige Apple-Keynote noch einmal in Ruhe und allerbester Qualit\u00e4t ansehen wollt: Die Videoaufzeichnung der knapp zwei Stunden langen Veranstaltung steht nun \u00fcber Apples Keynote-Podcast auch als Download zur Verf\u00fcgung. Damit ihr die Bandbreite eurer Internetleitung so richtig auslasten k\u00f6nnt, h\u00e4lt Apple zus\u00e4tzlich zur oben verlinkten, 1,5 GB gro\u00dfen Standardaufl\u00f6sung auch eine [&hellip;]<\/p>\n","protected":false},"author":2,"featured_media":41196,"comment_status":"open","ping_status":"closed","sticky":false,"template":"","format":"standard","meta":{"_acf_changed":false,"footnotes":""},"categories":[20],"tags":[70,342,446,31],"class_list":["post-41194","post","type-post","status-publish","format-standard","has-post-thumbnail","hentry","category-videos","tag-download","tag-keynote","tag-podcast","tag-video"],"acf":[],"aioseo_notices":[],"featured_image":["http:\/\/images.ifun.de\/wp-content\/uploads\/2013\/06\/keynotes-header.jpg"],"rest_api_enabler":{"featured_image":"http:\/\/images.ifun.de\/wp-content\/uploads\/2013\/06\/keynotes-header.jpg"},"_links":{"self":[{"href":"https:\/\/www.ifun.de\/apiv2\/wp\/v2\/posts\/41194","targetHints":{"allow":["GET"]}}],"collection":[{"href":"https:\/\/www.ifun.de\/apiv2\/wp\/v2\/posts"}],"about":[{"href":"https:\/\/www.ifun.de\/apiv2\/wp\/v2\/types\/post"}],"author":[{"embeddable":true,"href":"https:\/\/www.ifun.de\/apiv2\/wp\/v2\/users\/2"}],"replies":[{"embeddable":true,"href":"https:\/\/www.ifun.de\/apiv2\/wp\/v2\/comments?post=41194"}],"version-history":[{"count":1,"href":"https:\/\/www.ifun.de\/apiv2\/wp\/v2\/posts\/41194\/revisions"}],"predecessor-version":[{"id":41198,"href":"https:\/\/www.ifun.de\/apiv2\/wp\/v2\/posts\/41194\/revisions\/41198"}],"wp:featuredmedia":[{"embeddable":true,"href":"https:\/\/www.ifun.de\/apiv2\/wp\/v2\/media\/41196"}],"wp:attachment":[{"href":"https:\/\/www.ifun.de\/apiv2\/wp\/v2\/media?parent=41194"}],"wp:term":[{"taxonomy":"category","embeddable":true,"href":"https:\/\/www.ifun.de\/apiv2\/wp\/v2\/categories?post=41194"},{"taxonomy":"post_tag","embeddable":true,"href":"https:\/\/www.ifun.de\/apiv2\/wp\/v2\/tags?post=41194"}],"curies":[{"name":"wp","href":"https:\/\/api.w.org\/{rel}","templated":true}]}}