{"id":41180,"date":"2013-06-11T09:20:12","date_gmt":"2013-06-11T07:20:12","guid":{"rendered":"http:\/\/www.ifun.de\/?p=41180"},"modified":"2013-06-11T09:20:12","modified_gmt":"2013-06-11T07:20:12","slug":"os-x-mavericks-hintergrundbilder-auch-fuer-grosse-retina-bildschirme-geeignet","status":"publish","type":"post","link":"https:\/\/www.ifun.de\/os-x-mavericks-hintergrundbilder-auch-fuer-grosse-retina-bildschirme-geeignet-41180\/","title":{"rendered":"OS X Mavericks Hintergrundbilder auch f\u00fcr gro\u00dfe Retina-Bildschirme geeignet"},"content":{"rendered":"<p>Apple bietet das als \u201eLogo\u201c f\u00fcr die n\u00e4chste OS-X-Generation verwendete Wellenmotiv bereits als Hintergrundbild <a href=\"http:\/\/images.apple.com\/home\/images\/osx_hero_2x.jpg\">zum Download<\/a> an. Interessant in diesem Zusammenhang ist die Tatsache, dass das Bild mit einer Gr\u00f6\u00dfe von 5120 x 2880 Pixel nun ein ganzes St\u00fcck gr\u00f6\u00dfer, als die bisher f\u00fcr Retina-Aufl\u00f6sung angebotenen Grafiken ist (3200 x 2000 Px). Somit scheint klar, dass gr\u00f6\u00dfere Bildschirme mit Retina-Aufl\u00f6sung nur eine Frage der Zeit sind.<\/p>\n<p><a href=\"http:\/\/images.ifun.de\/wp-content\/uploads\/2013\/06\/mavericks1.jpg\"><img loading=\"lazy\" decoding=\"async\" src=\"http:\/\/images.ifun.de\/wp-content\/uploads\/2013\/06\/mavericks1.jpg\" alt=\"mavericks\" width=\"500\" height=\"296\" class=\"alignnone size-full wp-image-41182\" srcset=\"https:\/\/images.ifun.de\/wp-content\/uploads\/2013\/06\/mavericks1.jpg 500w, https:\/\/images.ifun.de\/wp-content\/uploads\/2013\/06\/mavericks1-300x177.jpg 300w\" sizes=\"auto, (max-width: 500px) 100vw, 500px\" \/><\/a><\/p>\n<p>Die neue Bildgr\u00f6\u00dfe w\u00e4re optimal daf\u00fcr geeignet, auf Bildschirmen mit 27\u201c Diagonale und einer Retina-Aufl\u00f6sung von etwa 220 ppi dargestellt zu werden. Potenzielle Kandidaten in diesem Bereich w\u00e4ren ein neuer iMac mit Retina-Bildschirm oder auch ein separates Thunderbolt-Display dieser Gr\u00f6\u00dfe.<\/p>\n<p>Dass Apple gr\u00f6\u00dfere, hochaufl\u00f6sende Bildschirme im Auge hat, hat auch die Vorschau auf den neuen Mac Pro gestern best\u00e4tigt. Dieser ist mit <a href=\"http:\/\/www.ifun.de\/thunderbolt-falcon-ridge-geschwindigkeit-vergleich-37854\/\">Thunderbolt-2<\/a>-Anschl\u00fcssen und damit der M\u00f6glichkeit, mehrere Ultra-High-Definition-Bildschirme anzuschlie\u00dfen ausgestattet. Es schein mehr als wahrscheinlich, dass Apple zusammen mit dem optisch komplett \u00fcberarbeiteten <a href=\"http:\/\/www.ifun.de\/neues-macbook-air-sofort-verfuegbar-neuer-mac-pro-mit-eindrucksvoller-onlinepraesentation-41151\/\">Mac Pro<\/a> im Herbst einen passenden und wohl auch h\u00f6her aufl\u00f6senden Bildschirm vorstellt.<\/p>\n<p><a href=\"http:\/\/images.ifun.de\/wp-content\/uploads\/2013\/06\/macpro2.jpg\"><img loading=\"lazy\" decoding=\"async\" src=\"http:\/\/images.ifun.de\/wp-content\/uploads\/2013\/06\/macpro2.jpg\" alt=\"macpro\" width=\"700\" height=\"336\" class=\"alignnone size-full wp-image-41181\" srcset=\"https:\/\/images.ifun.de\/wp-content\/uploads\/2013\/06\/macpro2.jpg 700w, https:\/\/images.ifun.de\/wp-content\/uploads\/2013\/06\/macpro2-300x144.jpg 300w\" sizes=\"auto, (max-width: 700px) 100vw, 700px\" \/><\/a><br \/>\n(Danke Hannes, <a href=\"http:\/\/www.macrumors.com\/2013\/06\/10\/apple-posts-27-retina-imac-sized-os-x-mavericks-background\/\">Mac Rumors<\/a>)<\/p>\n","protected":false},"excerpt":{"rendered":"<a href=\"https:\/\/www.ifun.de\/os-x-mavericks-hintergrundbilder-auch-fuer-grosse-retina-bildschirme-geeignet-41180\/\"><img width=\"150\" height=\"150\" src=\"https:\/\/images.ifun.de\/wp-content\/uploads\/2013\/06\/mavericks640-150x150.jpg\" class=\"alignright tfe wp-post-image\" alt=\"\" decoding=\"async\" loading=\"lazy\" \/><\/a><p>Apple bietet das als \u201eLogo\u201c f\u00fcr die n\u00e4chste OS-X-Generation verwendete Wellenmotiv bereits als Hintergrundbild zum Download an. Interessant in diesem Zusammenhang ist die Tatsache, dass das Bild mit einer Gr\u00f6\u00dfe von 5120 x 2880 Pixel nun ein ganzes St\u00fcck gr\u00f6\u00dfer, als die bisher f\u00fcr Retina-Aufl\u00f6sung angebotenen Grafiken ist (3200 x 2000 Px). Somit scheint klar, [&hellip;]<\/p>\n","protected":false},"author":2,"featured_media":41183,"comment_status":"open","ping_status":"closed","sticky":false,"template":"","format":"standard","meta":{"_acf_changed":false,"footnotes":""},"categories":[16],"tags":[474,241,393,1238,524,305],"class_list":["post-41180","post","type-post","status-publish","format-standard","has-post-thumbnail","hentry","category-mac","tag-auflosung","tag-bildschirm","tag-imac","tag-mac-pro","tag-retina","tag-thunderbolt"],"acf":[],"aioseo_notices":[],"featured_image":["http:\/\/images.ifun.de\/wp-content\/uploads\/2013\/06\/mavericks640.jpg","http:\/\/images.ifun.de\/wp-content\/uploads\/2013\/06\/mavericks640.jpg","http:\/\/images.ifun.de\/wp-content\/uploads\/2013\/06\/mavericks640.jpg"],"subheadline":["27\" mit Retina-Auf\u00f6sung?"],"rest_api_enabler":{"featured_image":["http:\/\/images.ifun.de\/wp-content\/uploads\/2013\/06\/mavericks640.jpg","http:\/\/images.ifun.de\/wp-content\/uploads\/2013\/06\/mavericks640.jpg","http:\/\/images.ifun.de\/wp-content\/uploads\/2013\/06\/mavericks640.jpg"],"subheadline":"27\" mit Retina-Auf\u00f6sung?"},"_links":{"self":[{"href":"https:\/\/www.ifun.de\/apiv2\/wp\/v2\/posts\/41180","targetHints":{"allow":["GET"]}}],"collection":[{"href":"https:\/\/www.ifun.de\/apiv2\/wp\/v2\/posts"}],"about":[{"href":"https:\/\/www.ifun.de\/apiv2\/wp\/v2\/types\/post"}],"author":[{"embeddable":true,"href":"https:\/\/www.ifun.de\/apiv2\/wp\/v2\/users\/2"}],"replies":[{"embeddable":true,"href":"https:\/\/www.ifun.de\/apiv2\/wp\/v2\/comments?post=41180"}],"version-history":[{"count":3,"href":"https:\/\/www.ifun.de\/apiv2\/wp\/v2\/posts\/41180\/revisions"}],"predecessor-version":[{"id":41186,"href":"https:\/\/www.ifun.de\/apiv2\/wp\/v2\/posts\/41180\/revisions\/41186"}],"wp:featuredmedia":[{"embeddable":true,"href":"https:\/\/www.ifun.de\/apiv2\/wp\/v2\/media\/41183"}],"wp:attachment":[{"href":"https:\/\/www.ifun.de\/apiv2\/wp\/v2\/media?parent=41180"}],"wp:term":[{"taxonomy":"category","embeddable":true,"href":"https:\/\/www.ifun.de\/apiv2\/wp\/v2\/categories?post=41180"},{"taxonomy":"post_tag","embeddable":true,"href":"https:\/\/www.ifun.de\/apiv2\/wp\/v2\/tags?post=41180"}],"curies":[{"name":"wp","href":"https:\/\/api.w.org\/{rel}","templated":true}]}}