{"id":41009,"date":"2013-06-08T09:49:40","date_gmt":"2013-06-08T07:49:40","guid":{"rendered":"http:\/\/www.ifun.de\/?p=41009"},"modified":"2013-06-09T19:07:55","modified_gmt":"2013-06-09T17:07:55","slug":"die-neuen-logos-fuer-ios-7-und-os-x-fotos","status":"publish","type":"post","link":"https:\/\/www.ifun.de\/die-neuen-logos-fuer-ios-7-und-os-x-fotos-41009\/","title":{"rendered":"Die neuen Logos f\u00fcr iOS 7 und OS X [Fotos]"},"content":{"rendered":"<p>Apple war in Sachen Geheimhaltung auch schon besser. Auf dem Fotoportal Flickr finden sich inzwischen jede Menge Bilder aus dem Inneren des Moscone-Veranstaltungszentrums in San Francisco. Im Rahmen der dort laufenden Vorbereitungen f\u00fcr die Entwicklerkonferenz WWDC konnten Die Flickr-Nutzer <a href=\"http:\/\/www.flickr.com\/photos\/ethans_pics\/\">Ethan021<\/a> und <a href=\"http:\/\/www.flickr.com\/photos\/niluht\/\">Nick Thulin<\/a> bereits neuen Logos f\u00fcr iOS 7 und OS X ablichten. Apple \u00fcberrascht mit einer einer neuen extrem d\u00fcnnen Schriftart. Vielleicht kann ein mitlesender Typograf genauer analysieren, aber die geschwungene \u201e7\u201c deutet einen Wechsel von der bisher verwendeten Schriftart Myriad Pro zur Helvetica Ultralight oder einem \u00e4hnlichen Font an.<\/p>\n<p><a href=\"http:\/\/images.ifun.de\/wp-content\/uploads\/2013\/06\/osx.jpg\"><img loading=\"lazy\" decoding=\"async\" src=\"http:\/\/images.ifun.de\/wp-content\/uploads\/2013\/06\/osx.jpg\" alt=\"osx\" width=\"456\" height=\"343\" class=\"alignnone size-full wp-image-41011\" srcset=\"https:\/\/images.ifun.de\/wp-content\/uploads\/2013\/06\/osx.jpg 456w, https:\/\/images.ifun.de\/wp-content\/uploads\/2013\/06\/osx-300x225.jpg 300w\" sizes=\"auto, (max-width: 456px) 100vw, 456px\" \/><\/a><\/p>\n<p><a href=\"http:\/\/images.ifun.de\/wp-content\/uploads\/2013\/06\/ios7-640.jpg\"><img loading=\"lazy\" decoding=\"async\" src=\"http:\/\/images.ifun.de\/wp-content\/uploads\/2013\/06\/ios7-640.jpg\" alt=\"ios7-640\" width=\"640\" height=\"252\" class=\"alignnone size-full wp-image-41010\" srcset=\"https:\/\/images.ifun.de\/wp-content\/uploads\/2013\/06\/ios7-640.jpg 640w, https:\/\/images.ifun.de\/wp-content\/uploads\/2013\/06\/ios7-640-300x118.jpg 300w\" sizes=\"auto, (max-width: 640px) 100vw, 640px\" \/><\/a><\/p>\n<p>Mehr Bilder gibt es <a href=\"http:\/\/www.flickr.com\/photos\/ethans_pics\/\">hier<\/a> und <a href=\"http:\/\/www.flickr.com\/photos\/niluht\/\">hier<\/a> auf Flickr sowie in <a href=\"http:\/\/9to5mac.com\/2013\/06\/07\/apple-displays-ios-7-banner-at-moscone-ahead-of-wwdc\/\">dieser Galerie<\/a> der US-Webseite 9to5Mac. Vielen Dank f\u00fcr eure Mails<\/p>\n","protected":false},"excerpt":{"rendered":"<a href=\"https:\/\/www.ifun.de\/die-neuen-logos-fuer-ios-7-und-os-x-fotos-41009\/\"><img width=\"150\" height=\"150\" src=\"https:\/\/images.ifun.de\/wp-content\/uploads\/2013\/06\/osx-150x150.jpg\" class=\"alignright tfe wp-post-image\" alt=\"\" decoding=\"async\" loading=\"lazy\" \/><\/a><p>Apple war in Sachen Geheimhaltung auch schon besser. Auf dem Fotoportal Flickr finden sich inzwischen jede Menge Bilder aus dem Inneren des Moscone-Veranstaltungszentrums in San Francisco. Im Rahmen der dort laufenden Vorbereitungen f\u00fcr die Entwicklerkonferenz WWDC konnten Die Flickr-Nutzer Ethan021 und Nick Thulin bereits neuen Logos f\u00fcr iOS 7 und OS X ablichten. Apple \u00fcberrascht [&hellip;]<\/p>\n","protected":false},"author":2,"featured_media":41011,"comment_status":"open","ping_status":"closed","sticky":false,"template":"","format":"standard","meta":{"_acf_changed":false,"footnotes":""},"categories":[3,1783],"tags":[4736,289,353],"class_list":["post-41009","post","type-post","status-publish","format-standard","has-post-thumbnail","hentry","category-apple","category-feature","tag-apple","tag-san-francisco","tag-wwdc"],"acf":[],"aioseo_notices":[],"featured_image":["http:\/\/images.ifun.de\/wp-content\/uploads\/2013\/06\/ios7-640.jpg"],"rest_api_enabler":{"featured_image":"http:\/\/images.ifun.de\/wp-content\/uploads\/2013\/06\/ios7-640.jpg"},"_links":{"self":[{"href":"https:\/\/www.ifun.de\/apiv2\/wp\/v2\/posts\/41009","targetHints":{"allow":["GET"]}}],"collection":[{"href":"https:\/\/www.ifun.de\/apiv2\/wp\/v2\/posts"}],"about":[{"href":"https:\/\/www.ifun.de\/apiv2\/wp\/v2\/types\/post"}],"author":[{"embeddable":true,"href":"https:\/\/www.ifun.de\/apiv2\/wp\/v2\/users\/2"}],"replies":[{"embeddable":true,"href":"https:\/\/www.ifun.de\/apiv2\/wp\/v2\/comments?post=41009"}],"version-history":[{"count":2,"href":"https:\/\/www.ifun.de\/apiv2\/wp\/v2\/posts\/41009\/revisions"}],"predecessor-version":[{"id":41032,"href":"https:\/\/www.ifun.de\/apiv2\/wp\/v2\/posts\/41009\/revisions\/41032"}],"wp:featuredmedia":[{"embeddable":true,"href":"https:\/\/www.ifun.de\/apiv2\/wp\/v2\/media\/41011"}],"wp:attachment":[{"href":"https:\/\/www.ifun.de\/apiv2\/wp\/v2\/media?parent=41009"}],"wp:term":[{"taxonomy":"category","embeddable":true,"href":"https:\/\/www.ifun.de\/apiv2\/wp\/v2\/categories?post=41009"},{"taxonomy":"post_tag","embeddable":true,"href":"https:\/\/www.ifun.de\/apiv2\/wp\/v2\/tags?post=41009"}],"curies":[{"name":"wp","href":"https:\/\/api.w.org\/{rel}","templated":true}]}}