{"id":40872,"date":"2013-06-05T16:25:17","date_gmt":"2013-06-05T14:25:17","guid":{"rendered":"http:\/\/www.ifun.de\/?p=40872"},"modified":"2013-06-05T16:26:08","modified_gmt":"2013-06-05T14:26:08","slug":"windows-8-1-im-video-vorabversion-erscheint-ende-juni","status":"publish","type":"post","link":"https:\/\/www.ifun.de\/windows-8-1-im-video-vorabversion-erscheint-ende-juni-40872\/","title":{"rendered":"Windows 8.1 im Video: Vorabversion erscheint Ende Juni"},"content":{"rendered":"<p>Ende des Monats will Microsoft eine Vorabversion des ersten gro\u00dfen Updates f\u00fcr Windows 8 freigeben. Die z\u00fcgige Ver\u00f6ffentlichung des Updates wurde auch durch massive <a href=\"http:\/\/www.ifun.de\/windows-8-fiasko-microsoft-strebt-offenbar-kehrtwende-an-39316\/\">Kritik<\/a> von Anwenderseite forciert. Windows 8 blieb entgegen aller Microsoft-Hoffnungen der breite Erfolg verwehrt. Eilends machte man sich in Redmond daran nachzubessern und hofft mit einer neuen, teils wieder auf gewohnte Funktionen der vorherigen Generationen setzenden Version verlorene Punkte gut zu machen.<\/p>\n<p><a href=\"http:\/\/images.ifun.de\/wp-content\/uploads\/2013\/06\/win500.jpg\"><img loading=\"lazy\" decoding=\"async\" src=\"http:\/\/images.ifun.de\/wp-content\/uploads\/2013\/06\/win500.jpg\" alt=\"win500\" width=\"500\" height=\"281\" class=\"alignnone size-full wp-image-40874\" srcset=\"https:\/\/images.ifun.de\/wp-content\/uploads\/2013\/06\/win500.jpg 500w, https:\/\/images.ifun.de\/wp-content\/uploads\/2013\/06\/win500-300x168.jpg 300w\" sizes=\"auto, (max-width: 500px) 100vw, 500px\" \/><\/a><\/p>\n<p>Einen gro\u00dfen optischen Bruch solltet ihr allerdings nicht erwarten. Microsoft r\u00fcckt von der neuen Kacheloptik nicht ab, sondern optimiert lediglich im Detail. Unter den neuen Funktionen findet sich beispielsweise eine komplett \u00fcberarbeitete Suchfunktion, die Ergebnisse aus diversen On- und Offlinequellen zusammen fasst und schick pr\u00e4sentiert. Wie effektiv sich das Ganze am Ende nutzen l\u00e4sst, steht nat\u00fcrlich auf einem anderen Blatt und wird sich im Praxiseinsatz zeigen.<\/p>\n<p><a href=\"http:\/\/images.ifun.de\/wp-content\/uploads\/2013\/06\/winsearch.jpg\"><img loading=\"lazy\" decoding=\"async\" src=\"http:\/\/images.ifun.de\/wp-content\/uploads\/2013\/06\/winsearch.jpg\" alt=\"winsearch\" width=\"700\" height=\"127\" class=\"alignnone size-full wp-image-40875\" srcset=\"https:\/\/images.ifun.de\/wp-content\/uploads\/2013\/06\/winsearch.jpg 700w, https:\/\/images.ifun.de\/wp-content\/uploads\/2013\/06\/winsearch-300x54.jpg 300w\" sizes=\"auto, (max-width: 700px) 100vw, 700px\" \/><\/a><\/p>\n<p>Weiter wurden die Personalisierungm\u00f6glichkeiten erweitert. Nutzern stehen zus\u00e4tzliche Kachelgr\u00f6\u00dfen zur Verf\u00fcgung, man kann die Farbgestaltung frei beeinflussen und neue animierte Hintergrundbilder verwenden.<\/p>\n<p>Im Zuge des Updates sollen auch alle mit Windows 8 ausgelieferten Microsoft-Apps \u00fcberarbeitet und verbessert werden. Zudem lassen sich nun mehrere Apps gleichzeitig auf geteiltem Bildschirm verwenden.<\/p>\n<p><div class=\"responsive-video\"><iframe loading=\"lazy\" width=\"700\" height=\"394\" src=\"http:\/\/www.youtube-nocookie.com\/embed\/VQb5caeSo00\" frameborder=\"0\" allowfullscreen><\/iframe><\/div><br \/>\n(<a href=\"http:\/\/youtu.be\/VQb5caeSo00\">Direktlink zum Video<\/a>)<\/p>\n<p>Die erste \u00f6ffentliche Vorabversion von Windows 8.1 soll zeitgleich mit dem Beginn der Microsoft-Entwicklerkonferenz am 26. Juni freigegeben werden. Zum Zeitpunkt der Ver\u00f6ffentlichung einer finalen Version hat sich der Konzern bislang nicht ge\u00e4u\u00dfert.<br \/>\n(via <a href=\"http:\/\/blogs.windows.com\/windows\/b\/bloggingwindows\/archive\/2013\/05\/30\/continuing-the-windows-8-vision-with-windows-8-1.aspx\">Microsoft PR<\/a>)<\/p>\n","protected":false},"excerpt":{"rendered":"<a href=\"https:\/\/www.ifun.de\/windows-8-1-im-video-vorabversion-erscheint-ende-juni-40872\/\"><img width=\"150\" height=\"150\" src=\"https:\/\/images.ifun.de\/wp-content\/uploads\/2013\/06\/winthumb.jpg\" class=\"alignright tfe wp-post-image\" alt=\"\" decoding=\"async\" loading=\"lazy\" \/><\/a><p>Ende des Monats will Microsoft eine Vorabversion des ersten gro\u00dfen Updates f\u00fcr Windows 8 freigeben. Die z\u00fcgige Ver\u00f6ffentlichung des Updates wurde auch durch massive Kritik von Anwenderseite forciert. Windows 8 blieb entgegen aller Microsoft-Hoffnungen der breite Erfolg verwehrt. Eilends machte man sich in Redmond daran nachzubessern und hofft mit einer neuen, teils wieder auf gewohnte [&hellip;]<\/p>\n","protected":false},"author":2,"featured_media":40873,"comment_status":"open","ping_status":"closed","sticky":false,"template":"","format":"standard","meta":{"_acf_changed":false,"footnotes":""},"categories":[21],"tags":[69,31,6324,652],"class_list":["post-40872","post","type-post","status-publish","format-standard","has-post-thumbnail","hentry","category-windows","tag-update","tag-video","tag-windows","tag-windows-8"],"acf":[],"aioseo_notices":[],"featured_image":["http:\/\/images.ifun.de\/wp-content\/uploads\/2013\/06\/win640.jpg"],"rest_api_enabler":{"featured_image":"http:\/\/images.ifun.de\/wp-content\/uploads\/2013\/06\/win640.jpg"},"_links":{"self":[{"href":"https:\/\/www.ifun.de\/apiv2\/wp\/v2\/posts\/40872","targetHints":{"allow":["GET"]}}],"collection":[{"href":"https:\/\/www.ifun.de\/apiv2\/wp\/v2\/posts"}],"about":[{"href":"https:\/\/www.ifun.de\/apiv2\/wp\/v2\/types\/post"}],"author":[{"embeddable":true,"href":"https:\/\/www.ifun.de\/apiv2\/wp\/v2\/users\/2"}],"replies":[{"embeddable":true,"href":"https:\/\/www.ifun.de\/apiv2\/wp\/v2\/comments?post=40872"}],"version-history":[{"count":3,"href":"https:\/\/www.ifun.de\/apiv2\/wp\/v2\/posts\/40872\/revisions"}],"predecessor-version":[{"id":40879,"href":"https:\/\/www.ifun.de\/apiv2\/wp\/v2\/posts\/40872\/revisions\/40879"}],"wp:featuredmedia":[{"embeddable":true,"href":"https:\/\/www.ifun.de\/apiv2\/wp\/v2\/media\/40873"}],"wp:attachment":[{"href":"https:\/\/www.ifun.de\/apiv2\/wp\/v2\/media?parent=40872"}],"wp:term":[{"taxonomy":"category","embeddable":true,"href":"https:\/\/www.ifun.de\/apiv2\/wp\/v2\/categories?post=40872"},{"taxonomy":"post_tag","embeddable":true,"href":"https:\/\/www.ifun.de\/apiv2\/wp\/v2\/tags?post=40872"}],"curies":[{"name":"wp","href":"https:\/\/api.w.org\/{rel}","templated":true}]}}