{"id":40311,"date":"2013-05-29T12:15:42","date_gmt":"2013-05-29T10:15:42","guid":{"rendered":"http:\/\/www.ifun.de\/?p=40311"},"modified":"2013-05-29T12:15:42","modified_gmt":"2013-05-29T10:15:42","slug":"bildung-tv-tipp-app-und-leseempfehlung","status":"publish","type":"post","link":"https:\/\/www.ifun.de\/bildung-tv-tipp-app-und-leseempfehlung-40311\/","title":{"rendered":"Bildung: TV-Tipp, App und Leseempfehlung"},"content":{"rendered":"<p>2013 ist Wagner-Jahr. Ein crossmediales Kulturprojekt versucht den Giganten nun auch bei einem j\u00fcngeren Publikum bekannter zu machen. Daf\u00fcr erschien vor Kurzem eine App, am 10. Juni kommt die dazu geh\u00f6rige <a href=\"http:\/\/www.swr.de\/nachrichten\/wagners-leben-als-comic\/-\/id=396\/nid=396\/did=11463124\/zzbkle\/\">Graphic Novel<\/a> heraus und heute Abend l\u00e4uft im SWR der <a href=\"http:\/\/www.arte.tv\/guide\/de\/047038-000\/wagnerwahn\">Film \u201eWagnerwahn\u201c<\/a>.<\/p>\n<p>Das Buch zeichnet vor historischer B\u00fchne Wagners Lebensgier, seinen politischen Gr\u00f6\u00dfenwahn und sein epochales musikalisches Werk nach. Die verknappten Dialoge und Striche inszenieren die Monstrosit\u00e4ten, zu denen das Genie neigte, sehr modern, sehr zug\u00e4nglich.<\/p>\n<p>Der gleichnamige Film versucht \u00e4hnlich eindringlich zu wirken, geht dabei aber ganz eigene Wege.<\/p>\n<p>Schlie\u00dflich verbindet die App mit gleichem Titel &#8222;Wagnerwahn&#8220; (<a href=\"https:\/\/itunes.apple.com\/de\/app\/wagnerwahn-hd\/id645473964?mt=8\">AppStore-Link<\/a>) beide Formate und nimmt ihre Ideen \u2013 soweit m\u00f6glich \u2013 in sich auf.<\/p>\n<p><a href=\"http:\/\/images.ifun.de\/wp-content\/uploads\/2013\/05\/Wagnerwahn.jpg\"><img loading=\"lazy\" decoding=\"async\" class=\"aligncenter size-full wp-image-40328\" alt=\"Wagnerwahn\" src=\"http:\/\/images.ifun.de\/wp-content\/uploads\/2013\/05\/Wagnerwahn.jpg\" width=\"480\" height=\"640\" srcset=\"https:\/\/images.ifun.de\/wp-content\/uploads\/2013\/05\/Wagnerwahn.jpg 480w, https:\/\/images.ifun.de\/wp-content\/uploads\/2013\/05\/Wagnerwahn-225x300.jpg 225w\" sizes=\"auto, (max-width: 480px) 100vw, 480px\" \/><\/a><\/p>\n<p>Die App liefert schon jetzt einen Vorgeschmack auf das Buch. Die Textanteile sind dramatisch eingesprochen, w\u00e4hrend zus\u00e4tzlich im Hintergrund Wagners Musik das Ganze auf die H\u00f6he einer gro\u00dfen Hollywood-Produktion hebt.<\/p>\n<p>Dadurch merkt man manchmal gar nicht, dass die Bilder sich etwas gegen die Art ihrer Pr\u00e4sentation str\u00e4uben. Sie fliegen wie Papierschnipsel vor schwarzem Hintergrund \u00fcber den Bildschirm. Man m\u00f6chte sie festhalten und wieder zusammenkleben zu den anspruchsvollen Collagen ihrer Buchvorlage. Das klappt sogar. Leider funktioniert dann der Vorlesemodus nicht mehr. Schade.<\/p>\n<p>Alles in Allem erf\u00e4hrt man sehr viele historische und biografische Hintergr\u00fcnde zu Wagner und seiner Zeit. Und lernt nebenbei noch ein Wenig seine Musik kennen.<\/p>\n<p><div class=\"responsive-video\"><iframe loading=\"lazy\" src=\"http:\/\/player.vimeo.com\/video\/66161837\" width=\"640\" height=\"371\" frameborder=\"0\" webkitAllowFullScreen mozallowfullscreen allowFullScreen><\/iframe><\/div><br \/>\n(<a href=\"http:\/\/vimeo.com\/66161837\">Direkt-Link<\/a>)<\/p>\n<p>Ein interessantes Feature macht die App \u00fcbrigens nicht blo\u00df zu einem Container f\u00fcr die beiden anderen Projekte: Seit Mitte der 80er Jahre \u00fcbersetzt Stephen Malinowski Wagners Musik in einen Algorithmus, der die Stimmgruppen zusammenfasst und ihre Dynamik visualisiert. Wer ein wenig Zeit zum Tr\u00e4umen hat, sollte sich die Kopfh\u00f6rer aufsetzen und die Installation genie\u00dfen.<\/p>\n<p>Wer sich nicht sicher ist, ob die App etwas f\u00fcr ihn ist, kann es ja erst mit der iPhone-App f\u00fcr 89 Cent (<a href=\"https:\/\/itunes.apple.com\/de\/app\/wagnerwahn\/id645514211?mt=8\">AppStore-Link<\/a>) versuchen. Die iPad-Version kostet 2,69 Euro.<\/p>\n<p>Bis Ende Juli soll die App um weiteres Material aus dem Film, historische Tonaufnahmen, weitere Wagner-Musik und die noch fehlenden Kapitel der Graphic Novel erg\u00e4nzt werden.<\/p>\n","protected":false},"excerpt":{"rendered":"<a href=\"https:\/\/www.ifun.de\/bildung-tv-tipp-app-und-leseempfehlung-40311\/\"><img width=\"150\" height=\"150\" src=\"https:\/\/images.ifun.de\/wp-content\/uploads\/2013\/05\/WagnerwahnIcon-150x150.jpg\" class=\"alignright tfe wp-post-image\" alt=\"\" decoding=\"async\" loading=\"lazy\" srcset=\"https:\/\/images.ifun.de\/wp-content\/uploads\/2013\/05\/WagnerwahnIcon-150x150.jpg 150w, https:\/\/images.ifun.de\/wp-content\/uploads\/2013\/05\/WagnerwahnIcon.jpg 200w\" sizes=\"auto, (max-width: 150px) 100vw, 150px\" \/><\/a><p>2013 ist Wagner-Jahr. Ein crossmediales Kulturprojekt versucht den Giganten nun auch bei einem j\u00fcngeren Publikum bekannter zu machen. Daf\u00fcr erschien vor Kurzem eine App, am 10. Juni kommt die dazu geh\u00f6rige Graphic Novel heraus und heute Abend l\u00e4uft im SWR der Film \u201eWagnerwahn\u201c. Das Buch zeichnet vor historischer B\u00fchne Wagners Lebensgier, seinen politischen Gr\u00f6\u00dfenwahn und [&hellip;]<\/p>\n","protected":false},"author":3,"featured_media":40327,"comment_status":"open","ping_status":"closed","sticky":false,"template":"","format":"standard","meta":{"_acf_changed":false,"footnotes":""},"categories":[5],"tags":[4737,297,723,59],"class_list":["post-40311","post","type-post","status-publish","format-standard","has-post-thumbnail","hentry","category-apps","tag-apps","tag-bucher","tag-klassik","tag-tv"],"acf":[],"aioseo_notices":[],"featured_image":["http:\/\/images.ifun.de\/wp-content\/uploads\/2013\/05\/Wagnerwahn2.jpg"],"rest_api_enabler":{"featured_image":"http:\/\/images.ifun.de\/wp-content\/uploads\/2013\/05\/Wagnerwahn2.jpg"},"_links":{"self":[{"href":"https:\/\/www.ifun.de\/apiv2\/wp\/v2\/posts\/40311","targetHints":{"allow":["GET"]}}],"collection":[{"href":"https:\/\/www.ifun.de\/apiv2\/wp\/v2\/posts"}],"about":[{"href":"https:\/\/www.ifun.de\/apiv2\/wp\/v2\/types\/post"}],"author":[{"embeddable":true,"href":"https:\/\/www.ifun.de\/apiv2\/wp\/v2\/users\/3"}],"replies":[{"embeddable":true,"href":"https:\/\/www.ifun.de\/apiv2\/wp\/v2\/comments?post=40311"}],"version-history":[{"count":17,"href":"https:\/\/www.ifun.de\/apiv2\/wp\/v2\/posts\/40311\/revisions"}],"predecessor-version":[{"id":40341,"href":"https:\/\/www.ifun.de\/apiv2\/wp\/v2\/posts\/40311\/revisions\/40341"}],"wp:featuredmedia":[{"embeddable":true,"href":"https:\/\/www.ifun.de\/apiv2\/wp\/v2\/media\/40327"}],"wp:attachment":[{"href":"https:\/\/www.ifun.de\/apiv2\/wp\/v2\/media?parent=40311"}],"wp:term":[{"taxonomy":"category","embeddable":true,"href":"https:\/\/www.ifun.de\/apiv2\/wp\/v2\/categories?post=40311"},{"taxonomy":"post_tag","embeddable":true,"href":"https:\/\/www.ifun.de\/apiv2\/wp\/v2\/tags?post=40311"}],"curies":[{"name":"wp","href":"https:\/\/api.w.org\/{rel}","templated":true}]}}