{"id":40202,"date":"2013-05-27T17:49:18","date_gmt":"2013-05-27T15:49:18","guid":{"rendered":"http:\/\/www.ifun.de\/?p=40202"},"modified":"2013-05-27T17:53:05","modified_gmt":"2013-05-27T15:53:05","slug":"mac-at-camp-2013-groses-mac-user-treffen-vom-17-bis-21-juli-in-naumburg-an-der-saale","status":"publish","type":"post","link":"https:\/\/www.ifun.de\/mac-at-camp-2013-groses-mac-user-treffen-vom-17-bis-21-juli-in-naumburg-an-der-saale-40202\/","title":{"rendered":"Mac at Camp 2013: Gro\u00dfes Mac-User-Treffen vom 17. bis 21. Juli in Naumburg an der Saale"},"content":{"rendered":"<p>Vom 17. bis 21. Juli treffen sich in Naumburg an der Saale wieder Mac-Nutzer aus ganz Europa zu <a href=\"http:\/\/www.macatcamp.de\/\">Mac at Camp<\/a>. Im Rahmen des seit 2006 j\u00e4hrlich stattfindenden Nutzertreffens finden attraktive Workshops zu Themen rund um OS X, Apple, Bildbearbeitung, Web-Design und verschiedene Anwendungsprogramme statt, es bleibt aber auch gen\u00fcgend Zeit f\u00fcr ein gem\u00fctliches Bierchen oder einen Kaffee mit anderen Mac-Begeisterten.<\/p>\n<p><a href=\"http:\/\/images.ifun.de\/wp-content\/uploads\/2013\/05\/macatcamp1.jpg\"><img loading=\"lazy\" decoding=\"async\" src=\"http:\/\/images.ifun.de\/wp-content\/uploads\/2013\/05\/macatcamp1.jpg\" alt=\"macatcamp1\" width=\"500\" height=\"333\" class=\"alignnone size-full wp-image-40207\" srcset=\"https:\/\/images.ifun.de\/wp-content\/uploads\/2013\/05\/macatcamp1.jpg 500w, https:\/\/images.ifun.de\/wp-content\/uploads\/2013\/05\/macatcamp1-300x199.jpg 300w\" sizes=\"auto, (max-width: 500px) 100vw, 500px\" \/><\/a><\/p>\n<p>Die <a href=\"http:\/\/www.macatcamp.de\/workshops.html\">Liste der Workshops<\/a> f\u00fcr dieses Jahr ist zwar noch nicht vollst\u00e4ndig, das bislang ver\u00f6ffentlichte Angebot verspricht aber jetzt schon f\u00fcnf abwechslungsreiche Tage. Neben etlichen Veranstaltungen zum Thema Fotografie und Bildbearbeitung stehen unter anderem verschiedene Adobe-Programme, ein Workshop rund um Apples iWork, das Thema App-Entwicklung sowie eine Veranstaltung zum Synology-NAS als Datenzentrale f\u00fcr alle Apple-Ger\u00e4te auf der Liste.<\/p>\n<p>Der Veranstaltungsort in Naumburg ist von ganz Deutschland aus auch gut mit der Bahn erreichbar. Das Jugendg\u00e4stehotel dort freut sich trotz seines Namens auch \u00fcber \u00e4ltere Teilnehmer und ist f\u00fcr die Veranstaltung komplett f\u00fcr angereiste Mac-Nutzer reserviert. Die Veranstalter versprechen neben dem offiziellen Programm und schnellem WLAN angenehme Urlaubsatmosph\u00e4re und anregende Gespr\u00e4che mit Gleichgesinnten. Wer sich ein Bild von der Veranstaltung machen will, kann sich das <a href=\"https:\/\/itunes.apple.com\/de\/book\/mac-at-camp-2012\/id590213775?mt=11&#038;partnerId=2003\">kostenlose iBook<\/a> mit Impressionen zum Mac at Camp 2012 bei iTunes laden.<\/p>\n<p><a href=\"http:\/\/images.ifun.de\/wp-content\/uploads\/2013\/05\/macatcamp.jpg\"><img loading=\"lazy\" decoding=\"async\" src=\"http:\/\/images.ifun.de\/wp-content\/uploads\/2013\/05\/macatcamp.jpg\" alt=\"macatcamp\" width=\"700\" height=\"146\" class=\"alignnone size-full wp-image-40205\" srcset=\"https:\/\/images.ifun.de\/wp-content\/uploads\/2013\/05\/macatcamp.jpg 700w, https:\/\/images.ifun.de\/wp-content\/uploads\/2013\/05\/macatcamp-300x62.jpg 300w\" sizes=\"auto, (max-width: 700px) 100vw, 700px\" \/><\/a><\/p>\n<p>Aufgrund der limitierten Kapazit\u00e4ten ist eine Anmeldung zwingend erforderlich. Die verschiedenen <a href=\"http:\/\/www.macatcamp.de\/preiseanmeldung.html\">Pakete<\/a> zu Preisen zwischen 229 und 337 Euro beinhalten jeweils die \u00dcbernachtung und die Berechtigung zur Teilnahme an den Workshops.<\/p>\n","protected":false},"excerpt":{"rendered":"<a href=\"https:\/\/www.ifun.de\/mac-at-camp-2013-groses-mac-user-treffen-vom-17-bis-21-juli-in-naumburg-an-der-saale-40202\/\"><img width=\"111\" height=\"133\" src=\"https:\/\/images.ifun.de\/wp-content\/uploads\/2013\/05\/macatcamplogo.jpg\" class=\"alignright tfe wp-post-image\" alt=\"\" decoding=\"async\" loading=\"lazy\" \/><\/a><p>Vom 17. bis 21. Juli treffen sich in Naumburg an der Saale wieder Mac-Nutzer aus ganz Europa zu Mac at Camp. Im Rahmen des seit 2006 j\u00e4hrlich stattfindenden Nutzertreffens finden attraktive Workshops zu Themen rund um OS X, Apple, Bildbearbeitung, Web-Design und verschiedene Anwendungsprogramme statt, es bleibt aber auch gen\u00fcgend Zeit f\u00fcr ein gem\u00fctliches Bierchen [&hellip;]<\/p>\n","protected":false},"author":2,"featured_media":40206,"comment_status":"open","ping_status":"closed","sticky":false,"template":"","format":"standard","meta":{"_acf_changed":false,"footnotes":""},"categories":[16],"tags":[6321,1844,134],"class_list":["post-40202","post","type-post","status-publish","format-standard","has-post-thumbnail","hentry","category-mac","tag-mac","tag-mac-at-camp","tag-urlaub"],"acf":[],"aioseo_notices":[],"featured_image":["http:\/\/images.ifun.de\/wp-content\/uploads\/2013\/05\/macatcamp640.jpg"],"rest_api_enabler":{"featured_image":"http:\/\/images.ifun.de\/wp-content\/uploads\/2013\/05\/macatcamp640.jpg"},"_links":{"self":[{"href":"https:\/\/www.ifun.de\/apiv2\/wp\/v2\/posts\/40202","targetHints":{"allow":["GET"]}}],"collection":[{"href":"https:\/\/www.ifun.de\/apiv2\/wp\/v2\/posts"}],"about":[{"href":"https:\/\/www.ifun.de\/apiv2\/wp\/v2\/types\/post"}],"author":[{"embeddable":true,"href":"https:\/\/www.ifun.de\/apiv2\/wp\/v2\/users\/2"}],"replies":[{"embeddable":true,"href":"https:\/\/www.ifun.de\/apiv2\/wp\/v2\/comments?post=40202"}],"version-history":[{"count":10,"href":"https:\/\/www.ifun.de\/apiv2\/wp\/v2\/posts\/40202\/revisions"}],"predecessor-version":[{"id":40216,"href":"https:\/\/www.ifun.de\/apiv2\/wp\/v2\/posts\/40202\/revisions\/40216"}],"wp:featuredmedia":[{"embeddable":true,"href":"https:\/\/www.ifun.de\/apiv2\/wp\/v2\/media\/40206"}],"wp:attachment":[{"href":"https:\/\/www.ifun.de\/apiv2\/wp\/v2\/media?parent=40202"}],"wp:term":[{"taxonomy":"category","embeddable":true,"href":"https:\/\/www.ifun.de\/apiv2\/wp\/v2\/categories?post=40202"},{"taxonomy":"post_tag","embeddable":true,"href":"https:\/\/www.ifun.de\/apiv2\/wp\/v2\/tags?post=40202"}],"curies":[{"name":"wp","href":"https:\/\/api.w.org\/{rel}","templated":true}]}}