{"id":39323,"date":"2013-05-08T12:52:22","date_gmt":"2013-05-08T10:52:22","guid":{"rendered":"http:\/\/www.ifun.de\/?p=39323"},"modified":"2013-05-08T12:52:57","modified_gmt":"2013-05-08T10:52:57","slug":"telekom-echte-flatrates-auch-nach-2016","status":"publish","type":"post","link":"https:\/\/www.ifun.de\/telekom-echte-flatrates-auch-nach-2016-39323\/","title":{"rendered":"Telekom: &#8222;Echte&#8220; Flatrates auch nach 2016"},"content":{"rendered":"<p>Im Rahmen der heute vorgelegten <a href=\"http:\/\/www.iphone-ticker.de\/telekom-quartalszahlen-mehr-kunden-viele-iphones-47250\/\">Telekom Quartalszahlen<\/a>, hat sich Telekom-Chef Ren\u00e9 Obermann auch zu der  geplanten Einf\u00fchrung von Volumentarifen im Festnetz ge\u00e4u\u00dfert (<a href=\"http:\/\/www.ifun.de\/?s=drossel\">ifun.de berichtete<\/a>) und reagiert damit erstmals leicht defensiv auf die laute Verbraucher-Kritik an den Drossel-Pl\u00e4nen der Telekom. <\/p>\n<p>&#8222;Wir ignorieren diese Kritik nicht, sondern h\u00f6ren genau hin&#8220;, sagt der Vorstandsvorsitzende und verweist auf anstehenden \u00c4nderungen, deren Beschlussfassung jedoch noch ausstehen w\u00fcrde. Die Angebote, so Obermann, werden auch 2016 &#8222;marktgerecht und ihren Preis wert sein.&#8220; <\/p>\n<p>Wichtigster Eckpunkt: Das Flatrate-Versprechen. Die Telekom will auch nach Einf\u00fchrung der Festnetz-Drosselung noch &#8222;echte&#8220; Flatrates anbieten, diese aber mit Zusatzkosten <a href=\"http:\/\/www.telekom.com\/konzern\/185680\">von 10-20\u20ac vermarkten<\/a>. <\/p>\n<blockquote><p>Die Telekom wolle ihre Preise k\u00fcnftig differenzieren, so Obermann: \u201eDurch Angebote f\u00fcr Durchschnittsnutzer, bei denen soviel Datentransport vom Grundpreis abgedeckt sei, wie die gro\u00dfe Mehrzahl der Kunden tats\u00e4chlich ben\u00f6tigt. Und mit Angeboten f\u00fcr wenige Prozent Intensivnutzer, die ein unbegrenztes Datenvolumen beinhalten, die dann aber auch ein paar Euro teurer sein werden \u2013 aus heutiger Sicht zwischen 10 und 20 Euro im Monat.\u201c Der Telekom-Chef weiter: &#8222;Wir wollen auch in Zukunft Flatrates anbieten.&#8220; Obermann betonte, dass es schwierig sei, aus heutiger Sicht bereits die Preise f\u00fcr das Jahr 2016 festzulegen.<\/p><\/blockquote>\n","protected":false},"excerpt":{"rendered":"<p>Im Rahmen der heute vorgelegten Telekom Quartalszahlen, hat sich Telekom-Chef Ren\u00e9 Obermann auch zu der geplanten Einf\u00fchrung von Volumentarifen im Festnetz ge\u00e4u\u00dfert (ifun.de berichtete) und reagiert damit erstmals leicht defensiv auf die laute Verbraucher-Kritik an den Drossel-Pl\u00e4nen der Telekom. &#8222;Wir ignorieren diese Kritik nicht, sondern h\u00f6ren genau hin&#8220;, sagt der Vorstandsvorsitzende und verweist auf anstehenden [&hellip;]<\/p>\n","protected":false},"author":1,"featured_media":0,"comment_status":"open","ping_status":"closed","sticky":false,"template":"","format":"standard","meta":{"_acf_changed":false,"footnotes":""},"categories":[1],"tags":[400,1814,1810,373,282],"class_list":["post-39323","post","type-post","status-publish","format-standard","hentry","category-news","tag-deutschland","tag-drossel","tag-dsl","tag-kritik","tag-telekom"],"acf":[],"aioseo_notices":[],"featured_image":["http:\/\/images.ifun.de\/wp-content\/uploads\/2013\/04\/drossel.jpg"],"rest_api_enabler":{"featured_image":"http:\/\/images.ifun.de\/wp-content\/uploads\/2013\/04\/drossel.jpg"},"_links":{"self":[{"href":"https:\/\/www.ifun.de\/apiv2\/wp\/v2\/posts\/39323","targetHints":{"allow":["GET"]}}],"collection":[{"href":"https:\/\/www.ifun.de\/apiv2\/wp\/v2\/posts"}],"about":[{"href":"https:\/\/www.ifun.de\/apiv2\/wp\/v2\/types\/post"}],"author":[{"embeddable":true,"href":"https:\/\/www.ifun.de\/apiv2\/wp\/v2\/users\/1"}],"replies":[{"embeddable":true,"href":"https:\/\/www.ifun.de\/apiv2\/wp\/v2\/comments?post=39323"}],"version-history":[{"count":2,"href":"https:\/\/www.ifun.de\/apiv2\/wp\/v2\/posts\/39323\/revisions"}],"predecessor-version":[{"id":39325,"href":"https:\/\/www.ifun.de\/apiv2\/wp\/v2\/posts\/39323\/revisions\/39325"}],"wp:attachment":[{"href":"https:\/\/www.ifun.de\/apiv2\/wp\/v2\/media?parent=39323"}],"wp:term":[{"taxonomy":"category","embeddable":true,"href":"https:\/\/www.ifun.de\/apiv2\/wp\/v2\/categories?post=39323"},{"taxonomy":"post_tag","embeddable":true,"href":"https:\/\/www.ifun.de\/apiv2\/wp\/v2\/tags?post=39323"}],"curies":[{"name":"wp","href":"https:\/\/api.w.org\/{rel}","templated":true}]}}