{"id":38779,"date":"2013-04-28T13:01:02","date_gmt":"2013-04-28T11:01:02","guid":{"rendered":"http:\/\/www.ifun.de\/?p=38779"},"modified":"2013-04-28T13:13:01","modified_gmt":"2013-04-28T11:13:01","slug":"telekom-drossel-obermann-reagiert-auf-rosler-brief","status":"publish","type":"post","link":"https:\/\/www.ifun.de\/telekom-drossel-obermann-reagiert-auf-rosler-brief-38779\/","title":{"rendered":"Telekom-Drossel: Obermann reagiert auf R\u00f6sler-Brief"},"content":{"rendered":"<p>Mit einem offenen Brief an den Bundesminister f\u00fcr Wirtschaft und Technologie, hat der Vorstandsvorsitzende der Telekom, Ren\u00e9 Obermann, jetzt auf <a href=\"http:\/\/www.sueddeutsche.de\/digital\/volumengrenze-fuer-dsl-tarife-bundesregierung-ist-besorgt-ueber-telekom-plaene-1.1657982\">das Schreiben<\/a> Philipp R\u00f6slers reagiert und weist, der Sprachregelung der <a href=\"http:\/\/www.iphone-ticker.de\/kurz-notiert-telekom-im-drossel-interview-airplay-uberblick-draw-something-2-46824\/\">Telekom PR-Abteilung<\/a> folgenden, erneut alle Vorw\u00fcrfe gegen die geplante Abschaffung der Telekom DSL-Flatrates von sich. <\/p>\n<p>Das auf den 25. April datierte Schreiben wurde erst heute \u00f6ffentlich und folgt dem &#8222;Lieschen M\u00fcller&#8220;-Vergleich des Telekomsprechers Philipp Blank damit auf den Fu\u00df. Blank hatte den Plan der Telekom in einem vom Deutschlandfunk ausgestrahlten H\u00f6rfunk-Interview mit der Kalkulation eines \u201cAll you can eat\u201d-Restaurants gleichgesetzt (<a href=\"http:\/\/www.iphone-ticker.de\/kurz-notiert-telekom-im-drossel-interview-airplay-uberblick-draw-something-2-46824\/\">ifun.de berichtete<\/a>). <\/p>\n<p><a href=\"http:\/\/images.ifun.de\/wp-content\/uploads\/2013\/04\/obermann.jpg\"><img loading=\"lazy\" decoding=\"async\" src=\"http:\/\/images.ifun.de\/wp-content\/uploads\/2013\/04\/obermann.jpg\" alt=\"obermann\" width=\"640\" height=\"252\" class=\"aligncenter size-full wp-image-38780\" srcset=\"https:\/\/images.ifun.de\/wp-content\/uploads\/2013\/04\/obermann.jpg 640w, https:\/\/images.ifun.de\/wp-content\/uploads\/2013\/04\/obermann-300x118.jpg 300w\" sizes=\"auto, (max-width: 640px) 100vw, 640px\" \/><\/a><\/p>\n<p>Auch Obermann versucht die Diskussion nun erneut auf die von der Telekom ausgemachten &#8222;Extremnutzer&#8220; zu konzentrieren, ein Schritt der wohl vor allem die irritierten Bestandskunden bes\u00e4nftigen soll. <\/p>\n<blockquote><p>[&#8230;] Um aber auch den drei Prozent Extremnutzern nach Erreichen ihrer Inklusiv-Volumen ein schnelles Netz zu erm\u00f6glichen, werden wir &#8211; wie im Mobilfunk \u00fcblich &#8211; Angebote machen, die sowohl mehr Volumen als auch hohe Geschwindigkeit enthalten.<\/p><\/blockquote>\n<p>Orientiert man sich an den <a href=\"http:\/\/www.ifun.de\/telekom-festnetz-internet-drosselung-38505\/\">vor einer Woche<\/a> ver\u00f6ffentlichten Drossel-Grenzen der Telekom, gelten als Extremnutzer bereits all jene Kunden, die nur 200GB durch ihren 50Mbit\/s-Anschluss schicken. <\/p>\n<p>Eine Marke, die <strong>bereits mit einem monatlichen Festplattenbackup<\/strong> bei Web-Diensten wie <a href=\"http:\/\/www.backblaze.com\/\">Backblaze<\/a> locker <strong>\u00fcberschritten<\/strong> w\u00e4re. <\/p>\n<p>Oder, anders formuliert: Wer seine seine 250GB gro\u00dfe MacBook SSD einmal im Monat in eine Sicherungs-Datei schreibt und anschlie\u00dfend den Upload anwirft um auch nach eine m\u00f6glichen Wohnungsbrand nicht ohne Backup dazustehen, wird bei der Telekom zuk\u00fcnftig auf <a href=\"http:\/\/www.ifun.de\/video-so-langsam-ist-die-telekom-drossel-im-alltag-38619\/\">ein Schneckentempo<\/a> gedrosselt. Und das, ohne auch nur einen Tatort, einen BitTorrent-Download oder eine 2GB iPhone-App geladen bzw. ohne auch nur einen Online-Radio Stream geh\u00f6rt zu haben.<\/p>\n<h2>Obermanns Brief im Wortlauf:<\/h2>\n<blockquote><p>Sehr geehrter Herr Minister,<br \/>\nvielen Dank f\u00fcr Ihr Schreiben, dessen Inhalt leider zeitgleich den Weg in die Medien fand. Ich w\u00fcnschte, wir h\u00e4tten vorher sprechen k\u00f6nnen.<br \/>\nUns ist sehr an einer Versachlichung dieser emotional gef\u00fchrten Debatte gelegen, der Sie sich offensichtlich ebenfalls nicht entziehen k\u00f6nnen. Wir teilen bekanntlich Ihre Auffassung, dass die Netzneutralit\u00e4t im Sinne einer diskriminierungsfreien Behandlung aller Internetdienste gewahrt bleiben muss. <\/p>\n<p>Wie Sie, wollen auch wir das freie und offene Internet. Und wir handeln entsprechend. Aber leider werden in der jetzigen Debatte Begriffe wie Netzneutralit\u00e4t und Sicherstellung von Wettbewerb dahingehend missbraucht, einen Flatrate-Anspruch auf unbegrenztes Datenvolumen im Internet zu zementieren. <\/p>\n<p>Bei der immensen Steigerung der Verkehrsmengen und der immer gr\u00f6\u00dferen Leistungsanforderung an die Netze wird das aber dauerhaft nicht funktionieren, jedenfalls nicht, solange die n\u00f6tigen Milliardeninvestitionen und der Betrieb der Netze privatwirtschaftlich zu erbringen sind.<\/p>\n<p>\ufffcWir stehen im harten Wettbewerb, wollen unsere Kundinnen und Kunden auch k\u00fcnftig fair behandeln und ihnen preiswerte Angebote machen. Deshalb kann es uns mit der f\u00fcr 2016 geplanten Vorgehensweise auch gelingen, f\u00fcr ca. 97 Prozent der Kunden die Preise stabil zu halten. Folglich w\u00e4ren nach heutigem Stand von dieser vorgesehenen Preis\u00e4nderung nur ca. drei Prozent der Kunden betroffen. <\/p>\n<p>Diese drei Prozent nutzen in unserem Netz 10-20 Mal gr\u00f6\u00dfere Datenmengen als ein durchschnittlicher Kunde, der ca. 15 &#8211; 20 Gigabyte\/Monat verbraucht. Die Alternative w\u00e4re eine Preiserh\u00f6hung f\u00fcr alle Kunden, die in unseren Augen weder klug noch gerecht w\u00e4re. Um aber auch den drei Prozent Extremnutzern nach Erreichen ihrer Inklusiv-Volumen ein schnelles Netz zu erm\u00f6glichen, werden wir &#8211; wie im Mobilfunk \u00fcblich &#8211; Angebote machen, die sowohl mehr Volumen als auch hohe Geschwindigkeit enthalten. <\/p>\n<p>Es geht aktuell in 2013 \u00fcbrigens nur um eine \u00c4nderung der Allgemeinen Gesch\u00e4ftsbedingungen neuer Vertr\u00e4ge. Die technische Begrenzung bzw. die Aufpreisangebote wollen wir, wie schon erw\u00e4hnt, nicht vor 2016 umsetzen. Aufgrund gesetzlicher Regelungen gibt es lange Vorlaufzeiten zur \u00c4nderung von Allgemeinen Gesch\u00e4ftsbedingungen.<\/p>\n<p>\ufffcDie in Ihrem Schreiben implizit erhobenen Vorw\u00fcrfe, es k\u00f6nnte zu Verst\u00f6\u00dfen gegen die Netzneutralit\u00e4t und Wettbewerbsvorschriften kommen, sind nicht zutreffend. Die Internetdienste der Telekom, wie Videoload.de, Telekom-Cloud und andere, werden ebenso in das individuell verf\u00fcgbare Volumen eingerechnet wie die Dienste von Wettbewerbern, wie beispielsweise Google oder Amazon.<\/p>\n<p>\ufffcDie Argumentation, dass unsere Fernsehplattform &#8222;Entertain&#8220; bevorzugt behan- delt wird, stimmt ebenfalls nicht. &#8222;Entertain&#8220; nutzt zwar IP-Technologie, ist aber gerade kein typischer Internetdienst, sondern eine von den deutschen Landesmedienanstalten durchregulierte separate Fernseh- und Medienplattform, f\u00fcr die unsere Kunden ein entsprechendes Zusatzentgelt bezahlen. Wir hatten \u00fcber diese Preisanpassung auch Ihr Ministerium informiert. Ein Termin auf Arbeitsebene ist dar\u00fcber hinaus f\u00fcr morgen vorgesehen. <\/p>\n<p>Ebenso erfolgte eine erste Information der Bundesnetzagentur schon in der vergangenen Woche, wir werden diesen Dialog fortsetzen. Sehr geehrter Herr Minister, ich hoffe, ich konnte zu einer differenzierteren Sicht beitragen. F\u00fcr ein kurzfristiges Telefonat stehe ich Ihnen nach wie vor gerne zur Verf\u00fcgung. Ich darf schon jetzt um Ihr Verst\u00e4ndnis bitten, dass wir diesen Brief ver\u00f6ffentlichen werden.\n<\/p><\/blockquote>\n","protected":false},"excerpt":{"rendered":"<a href=\"https:\/\/www.ifun.de\/telekom-drossel-obermann-reagiert-auf-rosler-brief-38779\/\"><img width=\"150\" height=\"150\" src=\"https:\/\/images.ifun.de\/wp-content\/uploads\/2013\/04\/obermann-150x150.jpg\" class=\"alignright tfe wp-post-image\" alt=\"\" decoding=\"async\" loading=\"lazy\" \/><\/a><p>Mit einem offenen Brief an den Bundesminister f\u00fcr Wirtschaft und Technologie, hat der Vorstandsvorsitzende der Telekom, Ren\u00e9 Obermann, jetzt auf das Schreiben Philipp R\u00f6slers reagiert und weist, der Sprachregelung der Telekom PR-Abteilung folgenden, erneut alle Vorw\u00fcrfe gegen die geplante Abschaffung der Telekom DSL-Flatrates von sich. Das auf den 25. April datierte Schreiben wurde erst heute [&hellip;]<\/p>\n","protected":false},"author":1,"featured_media":38780,"comment_status":"open","ping_status":"closed","sticky":false,"template":"","format":"standard","meta":{"_acf_changed":false,"footnotes":""},"categories":[1],"tags":[1814,373,1817,282],"class_list":["post-38779","post","type-post","status-publish","format-standard","has-post-thumbnail","hentry","category-news","tag-drossel","tag-kritik","tag-obermann","tag-telekom"],"acf":[],"aioseo_notices":[],"featured_image":["http:\/\/images.ifun.de\/wp-content\/uploads\/2013\/04\/obermann.jpg"],"rest_api_enabler":{"featured_image":"http:\/\/images.ifun.de\/wp-content\/uploads\/2013\/04\/obermann.jpg"},"_links":{"self":[{"href":"https:\/\/www.ifun.de\/apiv2\/wp\/v2\/posts\/38779","targetHints":{"allow":["GET"]}}],"collection":[{"href":"https:\/\/www.ifun.de\/apiv2\/wp\/v2\/posts"}],"about":[{"href":"https:\/\/www.ifun.de\/apiv2\/wp\/v2\/types\/post"}],"author":[{"embeddable":true,"href":"https:\/\/www.ifun.de\/apiv2\/wp\/v2\/users\/1"}],"replies":[{"embeddable":true,"href":"https:\/\/www.ifun.de\/apiv2\/wp\/v2\/comments?post=38779"}],"version-history":[{"count":2,"href":"https:\/\/www.ifun.de\/apiv2\/wp\/v2\/posts\/38779\/revisions"}],"predecessor-version":[{"id":38782,"href":"https:\/\/www.ifun.de\/apiv2\/wp\/v2\/posts\/38779\/revisions\/38782"}],"wp:featuredmedia":[{"embeddable":true,"href":"https:\/\/www.ifun.de\/apiv2\/wp\/v2\/media\/38780"}],"wp:attachment":[{"href":"https:\/\/www.ifun.de\/apiv2\/wp\/v2\/media?parent=38779"}],"wp:term":[{"taxonomy":"category","embeddable":true,"href":"https:\/\/www.ifun.de\/apiv2\/wp\/v2\/categories?post=38779"},{"taxonomy":"post_tag","embeddable":true,"href":"https:\/\/www.ifun.de\/apiv2\/wp\/v2\/tags?post=38779"}],"curies":[{"name":"wp","href":"https:\/\/api.w.org\/{rel}","templated":true}]}}