{"id":38543,"date":"2013-04-23T08:12:04","date_gmt":"2013-04-23T07:12:04","guid":{"rendered":"http:\/\/www.ifun.de\/?p=38543"},"modified":"2013-04-23T08:12:04","modified_gmt":"2013-04-23T07:12:04","slug":"online-ohne-flatrate-vodafone-will-nachziehen","status":"publish","type":"post","link":"https:\/\/www.ifun.de\/online-ohne-flatrate-vodafone-will-nachziehen-38543\/","title":{"rendered":"Online ohne Flatrate: Vodafone will nachziehen"},"content":{"rendered":"<p>Die Webseite <a href=\"https:\/\/netzpolitik.org\/2013\/abschaffung-der-flatrate-vodafone-folgt-der-deutsche-telekom\/\">Netzpolitik<\/a> kn\u00fcpft an die <a href=\"http:\/\/www.ifun.de\/telekom-festnetz-internet-drosselung-38505\/\">gestrige Pressemitteilung<\/a> der Telekom an und prognostiziert nun auch einen Umbau der Festnetz-Tarife im Vodafone-Netz. <\/p>\n<p>Vodafone, seit 2008 Herr \u00fcber die ehemaligen Arcor-Anschl\u00fcsse, soll ebenfalls vorhaben seine DSL-Angebote nach der \u00dcberschreitung einer vorher festgelegten Volumengrenzen zu drosseln.<\/p>\n<blockquote><p>Wir haben aus einer verl\u00e4sslichen Quelle die Information erhalten, dass Vodafone demn\u00e4chst denselben Schritt gehen wird.<\/p><\/blockquote>\n<p><a href=\"http:\/\/images.ifun.de\/wp-content\/uploads\/2013\/04\/drossel.jpg\"><img loading=\"lazy\" decoding=\"async\" src=\"http:\/\/images.ifun.de\/wp-content\/uploads\/2013\/04\/drossel.jpg\" alt=\"drossel\" width=\"640\" height=\"252\" class=\"aligncenter size-full wp-image-38513\" srcset=\"https:\/\/images.ifun.de\/wp-content\/uploads\/2013\/04\/drossel.jpg 640w, https:\/\/images.ifun.de\/wp-content\/uploads\/2013\/04\/drossel-300x118.jpg 300w\" sizes=\"auto, (max-width: 640px) 100vw, 640px\" \/><\/a><\/p>\n<p>Genaue Zahlen, wie viel GB sich pro Monat &#8222;verbrauchen&#8220; lassen sollen, ehe die Geschwindigkeit auf die von sechs ISDN-Anschl\u00fcssen reduziert wird und ab wann die Umstellung greift, stehen derzeit zwar noch aus, es darf jedoch mit einer an das Telekom-Angebot angepassten Offerte gerechnet werden. <\/p>\n<p>Sollten sich die Netzpolitik-Informationen best\u00e4tigen, d\u00fcrfte mit einem Nachzug fast aller Netzanbieter gerechnet werden. Ein passender Zeitpunkt noch mal auf das MARKER-Video zum Thema Netzneutralit\u00e4t zu verweisen. <\/p>\n<p><div class=\"responsive-video\"><iframe loading=\"lazy\" width=\"700\" height=\"391\" src=\"http:\/\/www.youtube-nocookie.com\/embed\/eQqu_WXZBNw\" frameborder=\"0\" allowfullscreen><\/iframe><\/div><br \/>\n(<a href=\"http:\/\/youtu.be\/eQqu_WXZBNw\">Direkt-Link<\/a>)<\/p>\n","protected":false},"excerpt":{"rendered":"<a href=\"https:\/\/www.ifun.de\/online-ohne-flatrate-vodafone-will-nachziehen-38543\/\"><img width=\"150\" height=\"150\" src=\"https:\/\/images.ifun.de\/wp-content\/uploads\/2013\/04\/drossel-150x150.jpg\" class=\"alignright tfe wp-post-image\" alt=\"\" decoding=\"async\" loading=\"lazy\" \/><\/a><p>Die Webseite Netzpolitik kn\u00fcpft an die gestrige Pressemitteilung der Telekom an und prognostiziert nun auch einen Umbau der Festnetz-Tarife im Vodafone-Netz. Vodafone, seit 2008 Herr \u00fcber die ehemaligen Arcor-Anschl\u00fcsse, soll ebenfalls vorhaben seine DSL-Angebote nach der \u00dcberschreitung einer vorher festgelegten Volumengrenzen zu drosseln. Wir haben aus einer verl\u00e4sslichen Quelle die Information erhalten, dass Vodafone demn\u00e4chst [&hellip;]<\/p>\n","protected":false},"author":1,"featured_media":38513,"comment_status":"open","ping_status":"closed","sticky":false,"template":"","format":"standard","meta":{"_acf_changed":false,"footnotes":""},"categories":[1],"tags":[1813,1810,1164,282,541],"class_list":["post-38543","post","type-post","status-publish","format-standard","has-post-thumbnail","hentry","category-news","tag-drosselung","tag-dsl","tag-netz","tag-telekom","tag-vodafone"],"acf":[],"aioseo_notices":[],"featured_image":["http:\/\/images.ifun.de\/wp-content\/uploads\/2013\/04\/drossel.jpg"],"rest_api_enabler":{"featured_image":"http:\/\/images.ifun.de\/wp-content\/uploads\/2013\/04\/drossel.jpg"},"_links":{"self":[{"href":"https:\/\/www.ifun.de\/apiv2\/wp\/v2\/posts\/38543","targetHints":{"allow":["GET"]}}],"collection":[{"href":"https:\/\/www.ifun.de\/apiv2\/wp\/v2\/posts"}],"about":[{"href":"https:\/\/www.ifun.de\/apiv2\/wp\/v2\/types\/post"}],"author":[{"embeddable":true,"href":"https:\/\/www.ifun.de\/apiv2\/wp\/v2\/users\/1"}],"replies":[{"embeddable":true,"href":"https:\/\/www.ifun.de\/apiv2\/wp\/v2\/comments?post=38543"}],"version-history":[{"count":1,"href":"https:\/\/www.ifun.de\/apiv2\/wp\/v2\/posts\/38543\/revisions"}],"predecessor-version":[{"id":38544,"href":"https:\/\/www.ifun.de\/apiv2\/wp\/v2\/posts\/38543\/revisions\/38544"}],"wp:featuredmedia":[{"embeddable":true,"href":"https:\/\/www.ifun.de\/apiv2\/wp\/v2\/media\/38513"}],"wp:attachment":[{"href":"https:\/\/www.ifun.de\/apiv2\/wp\/v2\/media?parent=38543"}],"wp:term":[{"taxonomy":"category","embeddable":true,"href":"https:\/\/www.ifun.de\/apiv2\/wp\/v2\/categories?post=38543"},{"taxonomy":"post_tag","embeddable":true,"href":"https:\/\/www.ifun.de\/apiv2\/wp\/v2\/tags?post=38543"}],"curies":[{"name":"wp","href":"https:\/\/api.w.org\/{rel}","templated":true}]}}