{"id":37955,"date":"2013-04-10T10:55:39","date_gmt":"2013-04-10T09:55:39","guid":{"rendered":"http:\/\/www.ifun.de\/?p=37955"},"modified":"2013-04-10T16:40:22","modified_gmt":"2013-04-10T15:40:22","slug":"pad-5-in-produktion-fotos-sollen-neue-frontpartie-zeigen","status":"publish","type":"post","link":"https:\/\/www.ifun.de\/pad-5-in-produktion-fotos-sollen-neue-frontpartie-zeigen-37955\/","title":{"rendered":"iPad 5 in Produktion? Fotos sollen neue Frontpartie zeigen"},"content":{"rendered":"<p>Mit Spekulationen zum Starttermin der n\u00e4chsten iPad-Generation halten wir uns bislang weitgehend zur\u00fcck. Nach der Ver\u00f6ffentlichung zweier Modelle  im letzten Jahr, ist eine Pr\u00e4sentation des iPad 5 sowohl im Fr\u00fchsommer als auch im Herbst denkbar. Neu ver\u00f6ffentlichte Fotos deuten aber zumindest darauf hin, dass die Produktion angelaufen ist.<\/p>\n<p>Die von der franz\u00f6sischen Webseite <a href=\"http:\/\/www.nowhereelse.fr\/ipad-5-blanc-photo-82098\/\">Nowherelse<\/a> ver\u00f6ffentlichten Bilder zeigen zeigen offenbar die Frontabdeckung eines wei\u00dfen iPad, die zum Gr\u00f6\u00dfenvergleich mit abgebildete Hand legt nahe, dass es sich um die bereits etablierte Bildschirmgr\u00f6\u00dfe von 9,7\u201c handelt.<\/p>\n<p><img loading=\"lazy\" decoding=\"async\" src=\"http:\/\/images.ifun.de\/wp-content\/uploads\/2013\/04\/ipad-5-vorderseite.jpg\" alt=\"ipad-5-vorderseite\" width=\"700\" height=\"525\" class=\"alignnone size-full wp-image-37956\" srcset=\"https:\/\/images.ifun.de\/wp-content\/uploads\/2013\/04\/ipad-5-vorderseite.jpg 700w, https:\/\/images.ifun.de\/wp-content\/uploads\/2013\/04\/ipad-5-vorderseite-300x225.jpg 300w\" sizes=\"auto, (max-width: 700px) 100vw, 700px\" \/><\/p>\n<p>Wie <a href=\"http:\/\/www.ifun.de\/ipad-5-bilder-34475\/\">erwartet<\/a> f\u00e4llt der seitliche Rand deutlich d\u00fcnner als bei der Vorg\u00e4ngergeneration aus, die gesamte Geh\u00e4useform d\u00fcrfte sich zuk\u00fcnftig eher an das iPad mini anlehnen. Dazu passende Bilder einer Geh\u00e4user\u00fcckseite sind bereits <a href=\"http:\/\/www.ifun.de\/bilder-ipad-5-34673\/\">im Januar<\/a> aufgetaucht.<\/p>\n<p>Neben den \u00e4u\u00dferlichen \u00c4nderungen d\u00fcrfte Apple die n\u00e4chste Generation wie gewohnt mit einem schnelleren Prozessor ausstatten. Weiter wird die Verwendung neuer Bildschirmtechnologien <a href=\"http:\/\/www.ifun.de\/ipad-5-bild-herbst-iphone-5s-34437\/\">f\u00fcr m\u00f6glich gehalten<\/a>.<\/p>\n","protected":false},"excerpt":{"rendered":"<a href=\"https:\/\/www.ifun.de\/pad-5-in-produktion-fotos-sollen-neue-frontpartie-zeigen-37955\/\"><img width=\"150\" height=\"150\" src=\"https:\/\/images.ifun.de\/wp-content\/uploads\/2013\/04\/titel-ipad-5-150x150.jpg\" class=\"alignright tfe wp-post-image\" alt=\"\" decoding=\"async\" loading=\"lazy\" \/><\/a><p>Mit Spekulationen zum Starttermin der n\u00e4chsten iPad-Generation halten wir uns bislang weitgehend zur\u00fcck. Nach der Ver\u00f6ffentlichung zweier Modelle im letzten Jahr, ist eine Pr\u00e4sentation des iPad 5 sowohl im Fr\u00fchsommer als auch im Herbst denkbar. Neu ver\u00f6ffentlichte Fotos deuten aber zumindest darauf hin, dass die Produktion angelaufen ist. Die von der franz\u00f6sischen Webseite Nowherelse ver\u00f6ffentlichten [&hellip;]<\/p>\n","protected":false},"author":2,"featured_media":37957,"comment_status":"open","ping_status":"closed","sticky":false,"template":"","format":"standard","meta":{"_acf_changed":false,"footnotes":""},"categories":[18,1783],"tags":[1497,3910,4740],"class_list":["post-37955","post","type-post","status-publish","format-standard","has-post-thumbnail","hentry","category-rumors","category-feature","tag-bauteile","tag-geruechte","tag-ipad"],"acf":[],"aioseo_notices":[],"featured_image":["http:\/\/images.ifun.de\/wp-content\/uploads\/2013\/04\/titel-ipad-5.jpg","http:\/\/images.ifun.de\/wp-content\/uploads\/2013\/04\/titel-ipad-5.jpg"],"rest_api_enabler":{"featured_image":["http:\/\/images.ifun.de\/wp-content\/uploads\/2013\/04\/titel-ipad-5.jpg","http:\/\/images.ifun.de\/wp-content\/uploads\/2013\/04\/titel-ipad-5.jpg"]},"_links":{"self":[{"href":"https:\/\/www.ifun.de\/apiv2\/wp\/v2\/posts\/37955","targetHints":{"allow":["GET"]}}],"collection":[{"href":"https:\/\/www.ifun.de\/apiv2\/wp\/v2\/posts"}],"about":[{"href":"https:\/\/www.ifun.de\/apiv2\/wp\/v2\/types\/post"}],"author":[{"embeddable":true,"href":"https:\/\/www.ifun.de\/apiv2\/wp\/v2\/users\/2"}],"replies":[{"embeddable":true,"href":"https:\/\/www.ifun.de\/apiv2\/wp\/v2\/comments?post=37955"}],"version-history":[{"count":5,"href":"https:\/\/www.ifun.de\/apiv2\/wp\/v2\/posts\/37955\/revisions"}],"predecessor-version":[{"id":37984,"href":"https:\/\/www.ifun.de\/apiv2\/wp\/v2\/posts\/37955\/revisions\/37984"}],"wp:featuredmedia":[{"embeddable":true,"href":"https:\/\/www.ifun.de\/apiv2\/wp\/v2\/media\/37957"}],"wp:attachment":[{"href":"https:\/\/www.ifun.de\/apiv2\/wp\/v2\/media?parent=37955"}],"wp:term":[{"taxonomy":"category","embeddable":true,"href":"https:\/\/www.ifun.de\/apiv2\/wp\/v2\/categories?post=37955"},{"taxonomy":"post_tag","embeddable":true,"href":"https:\/\/www.ifun.de\/apiv2\/wp\/v2\/tags?post=37955"}],"curies":[{"name":"wp","href":"https:\/\/api.w.org\/{rel}","templated":true}]}}