{"id":37682,"date":"2013-04-04T16:56:34","date_gmt":"2013-04-04T15:56:34","guid":{"rendered":"http:\/\/www.ifun.de\/?p=37682"},"modified":"2013-04-04T18:19:09","modified_gmt":"2013-04-04T17:19:09","slug":"apples-raumschiff-wird-teuerer-und-spater-fertig","status":"publish","type":"post","link":"https:\/\/www.ifun.de\/apples-raumschiff-wird-teuerer-und-spater-fertig-37682\/","title":{"rendered":"Apples Raumschiff wird teurer und sp\u00e4ter fertig"},"content":{"rendered":"<p>Verz\u00f6gerungen und Kostenerh\u00f6hungen geh\u00f6ren bei Gro\u00dfbaustellen inzwischen ja zum guten Ton. Dieser Regel kann sich auch Apple nicht entziehen. Die aufgrund ihrer eigenwilligen Bauweise auch als \u201eApple-Raumschiff\u201c bezeichnete, urspr\u00fcnglich f\u00fcr 2015 geplante neue Firmenzentrale in Cupertino soll nun nicht nur ein Jahr sp\u00e4ter fertig gestellt werden, sondern auch Mehrkosten in H\u00f6he von rund 2 Milliarden Dollar verursachen.<\/p>\n<p>Die Kostenerh\u00f6hung um 2 Milliarden ist in Anbetracht der Tatsache, dass das Projekt urspr\u00fcnglich mit \u201enur\u201c 3 Milliarden Dollar Gesamtetat bedacht war, dann doch eine au\u00dferordentlich stolze Preissteigerung. Wie aus einem Bericht des Wirtschaftsmagazins <a href=\"http:\/\/www.businessweek.com\/articles\/2013-04-04\/apples-campus-2-shapes-up-as-an-investor-relations-nightmare\">Businessweek<\/a> hervorgeht, will Apple nun versuchen, zumindest die H\u00e4lfte der erwarteten Mehrkosten einzusparen.<\/p>\n<p><img loading=\"lazy\" decoding=\"async\" src=\"http:\/\/images.ifun.de\/wp-content\/uploads\/2013\/04\/campus2.jpg\" alt=\"campus2\" width=\"700\" height=\"388\" class=\"alignnone size-full wp-image-37685\" srcset=\"https:\/\/images.ifun.de\/wp-content\/uploads\/2013\/04\/campus2.jpg 700w, https:\/\/images.ifun.de\/wp-content\/uploads\/2013\/04\/campus2-300x166.jpg 300w\" sizes=\"auto, (max-width: 700px) 100vw, 700px\" \/><\/p>\n<p><a href=\"http:\/\/www.ifun.de\/kantine-mit-2700-sitzplatzen-neue-dokumente-beschreiben-die-geplante-apple-firmenzentrale-im-detail-32093\/\">Das Gro\u00dfprojekt<\/a> wurde noch von Steve Jobs auf den Weg gebracht. Insgesamt 12.000 Mitarbeiter sollen in dem kreisrunden Geb\u00e4ude, das inmitten eines eigens daf\u00fcr angelegten Parks seinen Platz findet, einmal arbeiten.<\/p>\n<p>Ma\u00dfgeblich mitverantwortlich f\u00fcr die hohen Projektkosten sei die Tatsache, dass Apple aussergew\u00f6hnlich hohen Wert auf die verwendeten Materialien und deren Verarbeitung legt. Beispielsweise d\u00fcrfte nur eine bestimmte Ahorn-Art und davon auch nur das hochwertige Holz aus der Mitte der St\u00e4mme verwendet werden.<\/p>\n<p>Das Glas f\u00fcr die Aussenfassade kommt aus Deutschland. Die im bayerischen Gersthofen ans\u00e4ssige Firma Seele liefert wohl insgesamt sechs Quadratkilometer gebogene Glasfront. Seele hat auch den Glaskubus f\u00fcr den bekannten New Yorker Apple Store an der 5th Avenue gefertigt und ist Lieferant f\u00fcr die charakteristischen Glastreppen in den Apple Stores.<\/p>\n<p>Laut unseren Informationen soll zudem ein gro\u00dfes deutsches Bauunternehmen an den Arbeiten im kalifornischen Cupertino beteiligt sein.<\/p>\n","protected":false},"excerpt":{"rendered":"<a href=\"https:\/\/www.ifun.de\/apples-raumschiff-wird-teuerer-und-spater-fertig-37682\/\"><img width=\"150\" height=\"150\" src=\"https:\/\/images.ifun.de\/wp-content\/uploads\/2013\/04\/campus-thumb-2.jpg\" class=\"alignright tfe wp-post-image\" alt=\"\" decoding=\"async\" loading=\"lazy\" \/><\/a><p>Verz\u00f6gerungen und Kostenerh\u00f6hungen geh\u00f6ren bei Gro\u00dfbaustellen inzwischen ja zum guten Ton. Dieser Regel kann sich auch Apple nicht entziehen. Die aufgrund ihrer eigenwilligen Bauweise auch als \u201eApple-Raumschiff\u201c bezeichnete, urspr\u00fcnglich f\u00fcr 2015 geplante neue Firmenzentrale in Cupertino soll nun nicht nur ein Jahr sp\u00e4ter fertig gestellt werden, sondern auch Mehrkosten in H\u00f6he von rund 2 Milliarden [&hellip;]<\/p>\n","protected":false},"author":2,"featured_media":37688,"comment_status":"open","ping_status":"closed","sticky":false,"template":"","format":"standard","meta":{"_acf_changed":false,"footnotes":""},"categories":[3],"tags":[4736,462],"class_list":["post-37682","post","type-post","status-publish","format-standard","has-post-thumbnail","hentry","category-apple","tag-apple","tag-cupertino"],"acf":[],"aioseo_notices":[],"featured_image":["http:\/\/images.ifun.de\/wp-content\/uploads\/2013\/04\/applecampus.jpg","http:\/\/images.ifun.de\/wp-content\/uploads\/2013\/04\/applecampus.jpg","http:\/\/images.ifun.de\/wp-content\/uploads\/2013\/04\/applecampus.jpg","http:\/\/images.ifun.de\/wp-content\/uploads\/2013\/04\/applecampus.jpg"],"subheadline":["Neuer Campus:","Neue Firmenzentrale:","Neue Firmenzentrale:","Neue Firmenzentrale:"],"rest_api_enabler":{"featured_image":["http:\/\/images.ifun.de\/wp-content\/uploads\/2013\/04\/applecampus.jpg","http:\/\/images.ifun.de\/wp-content\/uploads\/2013\/04\/applecampus.jpg","http:\/\/images.ifun.de\/wp-content\/uploads\/2013\/04\/applecampus.jpg","http:\/\/images.ifun.de\/wp-content\/uploads\/2013\/04\/applecampus.jpg"],"subheadline":["Neuer Campus:","Neue Firmenzentrale:","Neue Firmenzentrale:","Neue Firmenzentrale:"]},"_links":{"self":[{"href":"https:\/\/www.ifun.de\/apiv2\/wp\/v2\/posts\/37682","targetHints":{"allow":["GET"]}}],"collection":[{"href":"https:\/\/www.ifun.de\/apiv2\/wp\/v2\/posts"}],"about":[{"href":"https:\/\/www.ifun.de\/apiv2\/wp\/v2\/types\/post"}],"author":[{"embeddable":true,"href":"https:\/\/www.ifun.de\/apiv2\/wp\/v2\/users\/2"}],"replies":[{"embeddable":true,"href":"https:\/\/www.ifun.de\/apiv2\/wp\/v2\/comments?post=37682"}],"version-history":[{"count":12,"href":"https:\/\/www.ifun.de\/apiv2\/wp\/v2\/posts\/37682\/revisions"}],"predecessor-version":[{"id":37705,"href":"https:\/\/www.ifun.de\/apiv2\/wp\/v2\/posts\/37682\/revisions\/37705"}],"wp:featuredmedia":[{"embeddable":true,"href":"https:\/\/www.ifun.de\/apiv2\/wp\/v2\/media\/37688"}],"wp:attachment":[{"href":"https:\/\/www.ifun.de\/apiv2\/wp\/v2\/media?parent=37682"}],"wp:term":[{"taxonomy":"category","embeddable":true,"href":"https:\/\/www.ifun.de\/apiv2\/wp\/v2\/categories?post=37682"},{"taxonomy":"post_tag","embeddable":true,"href":"https:\/\/www.ifun.de\/apiv2\/wp\/v2\/tags?post=37682"}],"curies":[{"name":"wp","href":"https:\/\/api.w.org\/{rel}","templated":true}]}}