{"id":37498,"date":"2013-04-02T09:59:26","date_gmt":"2013-04-02T08:59:26","guid":{"rendered":"http:\/\/www.ifun.de\/?p=37498"},"modified":"2013-04-03T09:02:24","modified_gmt":"2013-04-03T08:02:24","slug":"offnet-berliner-apple-store-noch-im-april","status":"publish","type":"post","link":"https:\/\/www.ifun.de\/offnet-berliner-apple-store-noch-im-april-37498\/","title":{"rendered":"\u00d6ffnet Berliner Apple Store noch im April?"},"content":{"rendered":"<p>\u00d6ffnet der Apple Store am Kurf\u00fcrstendamm bereits in diesem Monat? Der Berliner <a href=\"http:\/\/www.tagesspiegel.de\/berlin\/erster-apple-store-in-berlin-apfelbluete-am-kudamm\/8007178.html\">Tagesspiegel<\/a> zitiert am Umbau beteiligte Handwerker dahingehend, dass nach der Anlieferung der allseits bekannten Holztische (<a href=\"http:\/\/www.iphone-ticker.de\/apple-store-berlin-die-mobel-kommen-das-iphone-5s-gibt-es-wahrscheinlich-am-kudamm-45456\/\">wir berichteten<\/a>) nunmehr auch Ware einger\u00e4umt werde.<\/p>\n<p><img loading=\"lazy\" decoding=\"async\" src=\"http:\/\/images.ifun.de\/wp-content\/uploads\/2013\/04\/tische1.jpg\" alt=\"tische\" width=\"500\" height=\"282\" class=\"alignnone size-full wp-image-37502\" srcset=\"https:\/\/images.ifun.de\/wp-content\/uploads\/2013\/04\/tische1.jpg 500w, https:\/\/images.ifun.de\/wp-content\/uploads\/2013\/04\/tische1-300x169.jpg 300w\" sizes=\"auto, (max-width: 500px) 100vw, 500px\" \/><\/p>\n<p>Dar\u00fcber hinaus \u00e4u\u00dfert sich auch ein Vorstand des Zusammenschlusses am Kurf\u00fcrstendamm ans\u00e4ssiger Unternehmer \u201eAG City\u201c mit Blick auf eine Er\u00f6ffnung noch im April zuversichtlich.<\/p>\n<p><!--more-->Der Apple Store am Kurf\u00fcrstendamm wird aller Voraussicht nach den Store am Hamburger Jungfernstieg als gr\u00f6\u00dfte deutsche Apple-Filiale abl\u00f6sen. Die ehemalige <a href=\"http:\/\/www.ifun.de\/apple-store-berlin-kudamm-17816\/\">Filmb\u00fchne Wien<\/a> verf\u00fcgt unter anderem \u00fcber einen gro\u00dfen Kinosaal. Die Planungen und Umbauarbeiten f\u00fcr die erste Hauptstadtniederlassung Apples laufen bereits im dritten Jahr.<\/p>\n<p><img loading=\"lazy\" decoding=\"async\" src=\"http:\/\/images.ifun.de\/wp-content\/uploads\/2013\/04\/apple-store-berlin.jpg\" alt=\"apple-store-berlin\" width=\"700\" height=\"425\" class=\"alignright size-full wp-image-37485\" srcset=\"https:\/\/images.ifun.de\/wp-content\/uploads\/2013\/04\/apple-store-berlin.jpg 700w, https:\/\/images.ifun.de\/wp-content\/uploads\/2013\/04\/apple-store-berlin-300x182.jpg 300w\" sizes=\"auto, (max-width: 700px) 100vw, 700px\" \/><\/p>\n<h3>Zweite Berliner Filiale beim Potsdamer Platz<\/h3>\n<p>Ebenfalls noch in diesem Jahr k\u00f6nnte zudem noch ein zweiter Apple Store in Berlin er\u00f6ffnen. Das in unmittelbarer N\u00e4he zum Potsdamer Platz geplante Einkaufszentrum \u201eLeipziger Platz No. 12\u201c ist <a href=\"http:\/\/www.ifun.de\/?s=leipziger+platz\">aussichtsreicher Kandidat<\/a> f\u00fcr eine kleinere, mit Stores wie Sindelfingen oder Hamburg Alstertal vergleichbare Apple-Niederlassung.<br \/>\n(Dank an Maurice und Denny f\u00fcr die Bilder)<\/p>\n","protected":false},"excerpt":{"rendered":"<a href=\"https:\/\/www.ifun.de\/offnet-berliner-apple-store-noch-im-april-37498\/\"><img width=\"150\" height=\"60\" src=\"https:\/\/images.ifun.de\/wp-content\/uploads\/2013\/04\/tische-kudamm.jpg\" class=\"alignright tfe wp-post-image\" alt=\"\" decoding=\"async\" loading=\"lazy\" srcset=\"https:\/\/images.ifun.de\/wp-content\/uploads\/2013\/04\/tische-kudamm.jpg 800w, https:\/\/images.ifun.de\/wp-content\/uploads\/2013\/04\/tische-kudamm-300x120.jpg 300w\" sizes=\"auto, (max-width: 150px) 100vw, 150px\" \/><\/a><p>\u00d6ffnet der Apple Store am Kurf\u00fcrstendamm bereits in diesem Monat? Der Berliner Tagesspiegel zitiert am Umbau beteiligte Handwerker dahingehend, dass nach der Anlieferung der allseits bekannten Holztische (wir berichteten) nunmehr auch Ware einger\u00e4umt werde. Dar\u00fcber hinaus \u00e4u\u00dfert sich auch ein Vorstand des Zusammenschlusses am Kurf\u00fcrstendamm ans\u00e4ssiger Unternehmer \u201eAG City\u201c mit Blick auf eine Er\u00f6ffnung noch [&hellip;]<\/p>\n","protected":false},"author":2,"featured_media":37491,"comment_status":"open","ping_status":"closed","sticky":false,"template":"","format":"standard","meta":{"_acf_changed":false,"footnotes":""},"categories":[3,1783],"tags":[4736,49,190],"class_list":["post-37498","post","type-post","status-publish","format-standard","has-post-thumbnail","hentry","category-apple","category-feature","tag-apple","tag-apple-store","tag-berlin"],"acf":[],"aioseo_notices":[],"subheadline":["Angeblich bereits Ware einger\u00e4umt"],"featured_image":["http:\/\/images.ifun.de\/wp-content\/uploads\/2013\/04\/tische-kudamm.jpg"],"rest_api_enabler":{"subheadline":"Angeblich bereits Ware einger\u00e4umt","featured_image":"http:\/\/images.ifun.de\/wp-content\/uploads\/2013\/04\/tische-kudamm.jpg"},"_links":{"self":[{"href":"https:\/\/www.ifun.de\/apiv2\/wp\/v2\/posts\/37498","targetHints":{"allow":["GET"]}}],"collection":[{"href":"https:\/\/www.ifun.de\/apiv2\/wp\/v2\/posts"}],"about":[{"href":"https:\/\/www.ifun.de\/apiv2\/wp\/v2\/types\/post"}],"author":[{"embeddable":true,"href":"https:\/\/www.ifun.de\/apiv2\/wp\/v2\/users\/2"}],"replies":[{"embeddable":true,"href":"https:\/\/www.ifun.de\/apiv2\/wp\/v2\/comments?post=37498"}],"version-history":[{"count":12,"href":"https:\/\/www.ifun.de\/apiv2\/wp\/v2\/posts\/37498\/revisions"}],"predecessor-version":[{"id":37591,"href":"https:\/\/www.ifun.de\/apiv2\/wp\/v2\/posts\/37498\/revisions\/37591"}],"wp:featuredmedia":[{"embeddable":true,"href":"https:\/\/www.ifun.de\/apiv2\/wp\/v2\/media\/37491"}],"wp:attachment":[{"href":"https:\/\/www.ifun.de\/apiv2\/wp\/v2\/media?parent=37498"}],"wp:term":[{"taxonomy":"category","embeddable":true,"href":"https:\/\/www.ifun.de\/apiv2\/wp\/v2\/categories?post=37498"},{"taxonomy":"post_tag","embeddable":true,"href":"https:\/\/www.ifun.de\/apiv2\/wp\/v2\/tags?post=37498"}],"curies":[{"name":"wp","href":"https:\/\/api.w.org\/{rel}","templated":true}]}}