{"id":36676,"date":"2013-03-14T11:16:40","date_gmt":"2013-03-14T10:16:40","guid":{"rendered":"http:\/\/www.ifun.de\/?p=36676"},"modified":"2013-03-14T11:16:40","modified_gmt":"2013-03-14T10:16:40","slug":"imac-jetzt-auch-mit-vesa-wandadapter-statt-standfus-bestellbar","status":"publish","type":"post","link":"https:\/\/www.ifun.de\/imac-jetzt-auch-mit-vesa-wandadapter-statt-standfus-bestellbar-36676\/","title":{"rendered":"iMac jetzt auch mit VESA-Wandadapter statt Standfu\u00df bestellbar"},"content":{"rendered":"<p>F\u00fcr viel Unmut hat Ende letzten Jahres die Tatsache gesorgt, dass die aktuellen iMac-Modelle <a href=\"http:\/\/www.ifun.de\/27-imac-2012-vesa-mount-halterung-33105\/\">nicht mehr mit VESA-Wandhalterungen kompatibel<\/a> sind. Apple hat die W\u00fcnsche der Kundschaft diesbez\u00fcglich offenbar vernommen, denn von heute an l\u00e4sst sich der <a href=\"http:\/\/ifun.de\/applestore\/http:\/\/store.apple.com\/de\/go\/imac_vesa\">iMac auch mit integrierten VESA-Mount-Adapter<\/a> bestellen. Damit kann er dann mit jeder VESA-kompatiblen Befestigungsl\u00f6sung f\u00fcr Wand oder Schreibtisch verwendet werden. <\/p>\n<p><img loading=\"lazy\" decoding=\"async\" src=\"http:\/\/images.ifun.de\/wp-content\/uploads\/2013\/03\/imac-vesa.jpg\" alt=\"\" title=\"imac-vesa\" width=\"464\" height=\"222\" class=\"alignnone size-full wp-image-36677\" srcset=\"https:\/\/images.ifun.de\/wp-content\/uploads\/2013\/03\/imac-vesa.jpg 464w, https:\/\/images.ifun.de\/wp-content\/uploads\/2013\/03\/imac-vesa-300x143.jpg 300w\" sizes=\"auto, (max-width: 464px) 100vw, 464px\" \/><\/p>\n<p>Die VESA-Halterung ist als \u201eBuilt to Order\u201c-Option verf\u00fcgbar, ein so bestellter iMac hat dann von vornherein keinen Standfu\u00df mehr und erfordert zwingend eine entsprechende Befestigungsl\u00f6sung. Apple bietet hier ebenfalls drei verschiedene Modelle f\u00fcr Wand- und Tischbefestigung zu Preisen zwischen 135 und 250 Euro an. Der iMac mit VESA-Halterung selbst ist bei Bestellung 40 Euro teurer als die <a href=\"http:\/\/ifun.de\/applestore\/http:\/\/store.apple.com\/de\/go\/imac\">Standardversion mit Standfu\u00df<\/a>.<\/p>\n","protected":false},"excerpt":{"rendered":"<a href=\"https:\/\/www.ifun.de\/imac-jetzt-auch-mit-vesa-wandadapter-statt-standfus-bestellbar-36676\/\"><img width=\"150\" height=\"72\" src=\"https:\/\/images.ifun.de\/wp-content\/uploads\/2013\/03\/imac-vesa.jpg\" class=\"alignright tfe wp-post-image\" alt=\"\" decoding=\"async\" loading=\"lazy\" srcset=\"https:\/\/images.ifun.de\/wp-content\/uploads\/2013\/03\/imac-vesa.jpg 464w, https:\/\/images.ifun.de\/wp-content\/uploads\/2013\/03\/imac-vesa-300x143.jpg 300w\" sizes=\"auto, (max-width: 150px) 100vw, 150px\" \/><\/a><p>F\u00fcr viel Unmut hat Ende letzten Jahres die Tatsache gesorgt, dass die aktuellen iMac-Modelle nicht mehr mit VESA-Wandhalterungen kompatibel sind. Apple hat die W\u00fcnsche der Kundschaft diesbez\u00fcglich offenbar vernommen, denn von heute an l\u00e4sst sich der iMac auch mit integrierten VESA-Mount-Adapter bestellen. Damit kann er dann mit jeder VESA-kompatiblen Befestigungsl\u00f6sung f\u00fcr Wand oder Schreibtisch verwendet [&hellip;]<\/p>\n","protected":false},"author":2,"featured_media":36677,"comment_status":"open","ping_status":"closed","sticky":false,"template":"","format":"standard","meta":{"_acf_changed":false,"footnotes":""},"categories":[16],"tags":[393,1609],"class_list":["post-36676","post","type-post","status-publish","format-standard","has-post-thumbnail","hentry","category-mac","tag-imac","tag-vesa"],"acf":[],"aioseo_notices":[],"rest_api_enabler":[],"_links":{"self":[{"href":"https:\/\/www.ifun.de\/apiv2\/wp\/v2\/posts\/36676","targetHints":{"allow":["GET"]}}],"collection":[{"href":"https:\/\/www.ifun.de\/apiv2\/wp\/v2\/posts"}],"about":[{"href":"https:\/\/www.ifun.de\/apiv2\/wp\/v2\/types\/post"}],"author":[{"embeddable":true,"href":"https:\/\/www.ifun.de\/apiv2\/wp\/v2\/users\/2"}],"replies":[{"embeddable":true,"href":"https:\/\/www.ifun.de\/apiv2\/wp\/v2\/comments?post=36676"}],"version-history":[{"count":1,"href":"https:\/\/www.ifun.de\/apiv2\/wp\/v2\/posts\/36676\/revisions"}],"predecessor-version":[{"id":36678,"href":"https:\/\/www.ifun.de\/apiv2\/wp\/v2\/posts\/36676\/revisions\/36678"}],"wp:featuredmedia":[{"embeddable":true,"href":"https:\/\/www.ifun.de\/apiv2\/wp\/v2\/media\/36677"}],"wp:attachment":[{"href":"https:\/\/www.ifun.de\/apiv2\/wp\/v2\/media?parent=36676"}],"wp:term":[{"taxonomy":"category","embeddable":true,"href":"https:\/\/www.ifun.de\/apiv2\/wp\/v2\/categories?post=36676"},{"taxonomy":"post_tag","embeddable":true,"href":"https:\/\/www.ifun.de\/apiv2\/wp\/v2\/tags?post=36676"}],"curies":[{"name":"wp","href":"https:\/\/api.w.org\/{rel}","templated":true}]}}