{"id":36425,"date":"2013-03-06T18:19:07","date_gmt":"2013-03-06T17:19:07","guid":{"rendered":"http:\/\/www.ifun.de\/?p=36425"},"modified":"2013-03-29T17:40:55","modified_gmt":"2013-03-29T16:40:55","slug":"bookbook-macbook-pro-retina-test-video-review","status":"publish","type":"post","link":"https:\/\/www.ifun.de\/bookbook-macbook-pro-retina-test-video-review-36425\/","title":{"rendered":"Im Video: Die neue BookBook-H\u00fclle f\u00fcr&#8217;s MacBook Pro Retina"},"content":{"rendered":"<p>Seit zwei Jahren bereits gibt es die BookBook-H\u00fcllen von TwelveSouth. Angefangen hat alles mit einem stattlichen <a href=\"http:\/\/www.ifun.de\/bookbook-schutzender-ledereinband-furs-macbook-6396\/\">Ledereinband f\u00fcr das MacBook Pro<\/a>, neben weiteren Versionen f\u00fcr verschiedene Apple-Notebooks folgten inzwischen auch Varianten <a href=\"http:\/\/www.ifun.de\/bookbook-ipad-mini-review-test-video-deutsch-33172\/\">f\u00fcr iPad und iPad mini<\/a> sowie <a href=\"http:\/\/www.iphone-ticker.de\/bookbook-iphone-5-review-test-video-42084\/\">f\u00fcr das iPhone<\/a>.<\/p>\n<p><img loading=\"lazy\" decoding=\"async\" src=\"http:\/\/images.ifun.de\/wp-content\/uploads\/2013\/03\/bookbook-retina.jpg\" alt=\"\" title=\"bookbook-retina\" width=\"464\" height=\"267\" class=\"alignnone size-full wp-image-36426\" srcset=\"https:\/\/images.ifun.de\/wp-content\/uploads\/2013\/03\/bookbook-retina.jpg 464w, https:\/\/images.ifun.de\/wp-content\/uploads\/2013\/03\/bookbook-retina-300x172.jpg 300w\" sizes=\"auto, (max-width: 464px) 100vw, 464px\" \/><\/p>\n<p>Neuestes Pferd im Stall ist die <a href=\"http:\/\/twelvesouth.com\/products\/bookbook_macbook\/\">BookBook-H\u00fclle f\u00fcr das MacBook Pro mit Retina-Bildschirm<\/a>. Im gro\u00dfen und ganzen \u00e4hnelt diese den bereits erh\u00e4ltlichen Ausf\u00fchrungen f\u00fcr das MacBook Air und ist im Vergleich zu den Varianten f\u00fcr die \u201ealten\u201c MacBooks erfreulich d\u00fcnn &#8211; an der dicksten Stelle am Einband sind es 3 Zentimeter.<\/p>\n<p>Die BookBook-H\u00fcllen bieten dank ihrer seitlich \u00fcberstehenden \u201eBuchdeckel\u201c ringsum guten Schutz vor Sto\u00df- und zumindest bedingt auch Sturzsch\u00e4den. Im Inneren der H\u00fclle sind Ober- und Unterseite der Notebooks in leicht gepolsterten, samtartigen Stoff gebettet. Optional l\u00e4sst sich der Bildschirm mit zwei Gummilaschen am Deckel befestigen, sodass direkt nach dem \u00d6ffnen der H\u00fclle losgearbeitet werden kann.<\/p>\n<p><div class=\"responsive-video\"><iframe loading=\"lazy\" width=\"464\" height=\"261\" src=\"http:\/\/www.youtube-nocookie.com\/embed\/Ztf1fJtCE90\" frameborder=\"0\" allowfullscreen><\/iframe><\/div><br \/>\n(<a href=\"http:\/\/youtu.be\/Ztf1fJtCE90\">Direktlink zum Video<\/a>)<\/p>\n<p><a href=\"http:\/\/twelvesouth.com\/products\/bookbook_macbook\/\">TwelveSouth<\/a> bietet die H\u00fclle in den USA zum Preis von 80 Dollar, dazu kommen noch einmal 25 Dollar pauschale Versandkosten, summa summarum also rund 80 Euro.<br \/>\nIn Deutschland l\u00e4sst sich die Ausf\u00fchrung f\u00fcr Retina-MacBooks bislang noch nicht beziehen. Die BookBook-H\u00fcllen f\u00fcr andere MacBook-Varianten lassen sich beispielsweise <a rel=\"noindex, nofollow\" href=\"http:\/\/www.amazon.de\/s\/?_encoding=UTF8&#038;camp=1638&#038;creative=19454&#038;field-keywords=bookbook%20macbook&#038;linkCode=ur2&#038;rh=i%3Aaps%2Ck%3Abookbook%20macbook&#038;site-redirect=de&#038;tag=musicweb02\">\u00fcber Amazon<\/a> zu Preisen zwischen 60 und 75 Euro bestellen.<\/p>\n","protected":false},"excerpt":{"rendered":"<a href=\"https:\/\/www.ifun.de\/bookbook-macbook-pro-retina-test-video-review-36425\/\"><img width=\"150\" height=\"86\" src=\"https:\/\/images.ifun.de\/wp-content\/uploads\/2013\/03\/bookbook-retina.jpg\" class=\"alignright tfe wp-post-image\" alt=\"\" decoding=\"async\" loading=\"lazy\" srcset=\"https:\/\/images.ifun.de\/wp-content\/uploads\/2013\/03\/bookbook-retina.jpg 464w, https:\/\/images.ifun.de\/wp-content\/uploads\/2013\/03\/bookbook-retina-300x172.jpg 300w\" sizes=\"auto, (max-width: 150px) 100vw, 150px\" \/><\/a><p>Seit zwei Jahren bereits gibt es die BookBook-H\u00fcllen von TwelveSouth. Angefangen hat alles mit einem stattlichen Ledereinband f\u00fcr das MacBook Pro, neben weiteren Versionen f\u00fcr verschiedene Apple-Notebooks folgten inzwischen auch Varianten f\u00fcr iPad und iPad mini sowie f\u00fcr das iPhone. Neuestes Pferd im Stall ist die BookBook-H\u00fclle f\u00fcr das MacBook Pro mit Retina-Bildschirm. Im gro\u00dfen [&hellip;]<\/p>\n","protected":false},"author":2,"featured_media":36426,"comment_status":"open","ping_status":"closed","sticky":false,"template":"","format":"standard","meta":{"_acf_changed":false,"footnotes":""},"categories":[16],"tags":[110,75,144,195,467,1351],"class_list":["post-36425","post","type-post","status-publish","format-standard","has-post-thumbnail","hentry","category-mac","tag-case","tag-hulle","tag-macbook","tag-schutz","tag-tasche","tag-twelvesouth"],"acf":[],"aioseo_notices":[],"rest_api_enabler":[],"_links":{"self":[{"href":"https:\/\/www.ifun.de\/apiv2\/wp\/v2\/posts\/36425","targetHints":{"allow":["GET"]}}],"collection":[{"href":"https:\/\/www.ifun.de\/apiv2\/wp\/v2\/posts"}],"about":[{"href":"https:\/\/www.ifun.de\/apiv2\/wp\/v2\/types\/post"}],"author":[{"embeddable":true,"href":"https:\/\/www.ifun.de\/apiv2\/wp\/v2\/users\/2"}],"replies":[{"embeddable":true,"href":"https:\/\/www.ifun.de\/apiv2\/wp\/v2\/comments?post=36425"}],"version-history":[{"count":4,"href":"https:\/\/www.ifun.de\/apiv2\/wp\/v2\/posts\/36425\/revisions"}],"predecessor-version":[{"id":37286,"href":"https:\/\/www.ifun.de\/apiv2\/wp\/v2\/posts\/36425\/revisions\/37286"}],"wp:featuredmedia":[{"embeddable":true,"href":"https:\/\/www.ifun.de\/apiv2\/wp\/v2\/media\/36426"}],"wp:attachment":[{"href":"https:\/\/www.ifun.de\/apiv2\/wp\/v2\/media?parent=36425"}],"wp:term":[{"taxonomy":"category","embeddable":true,"href":"https:\/\/www.ifun.de\/apiv2\/wp\/v2\/categories?post=36425"},{"taxonomy":"post_tag","embeddable":true,"href":"https:\/\/www.ifun.de\/apiv2\/wp\/v2\/tags?post=36425"}],"curies":[{"name":"wp","href":"https:\/\/api.w.org\/{rel}","templated":true}]}}