{"id":36405,"date":"2013-03-06T15:33:32","date_gmt":"2013-03-06T14:33:32","guid":{"rendered":"http:\/\/www.ifun.de\/?p=36405"},"modified":"2013-03-06T15:39:48","modified_gmt":"2013-03-06T14:39:48","slug":"welt-digital-springer-schnurt-attraktives-bundle-aus-ipad-mini-und-elektronischem-zeitungsabo","status":"publish","type":"post","link":"https:\/\/www.ifun.de\/welt-digital-springer-schnurt-attraktives-bundle-aus-ipad-mini-und-elektronischem-zeitungsabo-36405\/","title":{"rendered":"Welt Digital: Springer schn\u00fcrt attraktives Bundle aus iPad mini und elektronischem Zeitungsabo"},"content":{"rendered":"<p>Ganz ehrlich, wenn wir euch eine digitale Tageszeitung empfehlen m\u00fcssten, w\u00fcrden wir hier die \u201eS\u00fcddeutsche Zeitung\u201c vorziehen. Beim aktuellen Abo-Angebot der \u201eWelt Digital\u201c kann die S\u00fcddeutsche allerdings nicht so recht mithalten:<\/p>\n<p>F\u00fcr monatlich 14,99 Euro bekommt ihr momentan das <a href=\"https:\/\/aboservice3.welt.de\/asvabo\/startLanding.do?offerId=WELT_HD_LP_IPADMINI_1&#038;layout=welt-ipad&#038;utm_source=diverse&#038;utm_medium=shortcut&#038;utm_campaign=ipadmini_2013\">digitale Komplettpaket des Springer-Blatts inklusive eines iPad mini<\/a>. Allerdings m\u00fcsst ihr euch dann auch auf 2 volle Jahre festlegen, macht 359,76 Euro. Das im Preis enthaltene kleinste iPad alleine w\u00fcrde bei Apple 329 Euro kosten, somit ist die Sonderaktion der Welt zumindest f\u00fcr all jene, die sowieso mit einem iPad-Kauf in Kombination mit digitalem Zeitungsabo flirten, mehr als interessant.<\/p>\n<p><img loading=\"lazy\" decoding=\"async\" src=\"http:\/\/images.ifun.de\/wp-content\/uploads\/2013\/03\/welt.jpg\" alt=\"\" title=\"welt\" width=\"464\" height=\"193\" class=\"alignnone size-full wp-image-36406\" srcset=\"https:\/\/images.ifun.de\/wp-content\/uploads\/2013\/03\/welt.jpg 464w, https:\/\/images.ifun.de\/wp-content\/uploads\/2013\/03\/welt-300x124.jpg 300w\" sizes=\"auto, (max-width: 464px) 100vw, 464px\" \/><\/p>\n<p>Auch bei der S\u00fcddeutschen l\u00e4sst sich das <a href=\"http:\/\/service.sueddeutsche.de\/lesermarkt\/e_paper\/ipad_angebote.php\">digitale Abo mit einer iPad-Pr\u00e4mie koppeln<\/a>. Hier fallen allerdings monatliche Kosten von 39,90 Euro und je nach gew\u00e4hltem iPad-Modell eine Zuzahlung ab 10 Euro an. Das reine Abo der iPad-Ausgabe l\u00e4sst sich \u00fcber die App dagegen bereits f\u00fcr monatlich 29,99 Euro bewerkstelligen. Ob die am Ende vergleichsweise geringe Ersparnis hier eine Bindung \u00fcber 24 Monate rechtfertigt, m\u00fcsst ihr selbst entscheiden.<br \/>\n(Danke f\u00fcr eure Mails)<\/p>\n","protected":false},"excerpt":{"rendered":"<a href=\"https:\/\/www.ifun.de\/welt-digital-springer-schnurt-attraktives-bundle-aus-ipad-mini-und-elektronischem-zeitungsabo-36405\/\"><img width=\"150\" height=\"62\" src=\"https:\/\/images.ifun.de\/wp-content\/uploads\/2013\/03\/welt.jpg\" class=\"alignright tfe wp-post-image\" alt=\"\" decoding=\"async\" loading=\"lazy\" srcset=\"https:\/\/images.ifun.de\/wp-content\/uploads\/2013\/03\/welt.jpg 464w, https:\/\/images.ifun.de\/wp-content\/uploads\/2013\/03\/welt-300x124.jpg 300w\" sizes=\"auto, (max-width: 150px) 100vw, 150px\" \/><\/a><p>Ganz ehrlich, wenn wir euch eine digitale Tageszeitung empfehlen m\u00fcssten, w\u00fcrden wir hier die \u201eS\u00fcddeutsche Zeitung\u201c vorziehen. Beim aktuellen Abo-Angebot der \u201eWelt Digital\u201c kann die S\u00fcddeutsche allerdings nicht so recht mithalten: F\u00fcr monatlich 14,99 Euro bekommt ihr momentan das digitale Komplettpaket des Springer-Blatts inklusive eines iPad mini. Allerdings m\u00fcsst ihr euch dann auch auf 2 [&hellip;]<\/p>\n","protected":false},"author":2,"featured_media":36406,"comment_status":"open","ping_status":"closed","sticky":false,"template":"","format":"standard","meta":{"_acf_changed":false,"footnotes":""},"categories":[10],"tags":[104,4740,1335,1752,66],"class_list":["post-36405","post","type-post","status-publish","format-standard","has-post-thumbnail","hentry","category-ipad","tag-abo","tag-ipad","tag-ipad-mini","tag-welt","tag-zeitung"],"acf":[],"aioseo_notices":[],"rest_api_enabler":[],"_links":{"self":[{"href":"https:\/\/www.ifun.de\/apiv2\/wp\/v2\/posts\/36405","targetHints":{"allow":["GET"]}}],"collection":[{"href":"https:\/\/www.ifun.de\/apiv2\/wp\/v2\/posts"}],"about":[{"href":"https:\/\/www.ifun.de\/apiv2\/wp\/v2\/types\/post"}],"author":[{"embeddable":true,"href":"https:\/\/www.ifun.de\/apiv2\/wp\/v2\/users\/2"}],"replies":[{"embeddable":true,"href":"https:\/\/www.ifun.de\/apiv2\/wp\/v2\/comments?post=36405"}],"version-history":[{"count":5,"href":"https:\/\/www.ifun.de\/apiv2\/wp\/v2\/posts\/36405\/revisions"}],"predecessor-version":[{"id":36411,"href":"https:\/\/www.ifun.de\/apiv2\/wp\/v2\/posts\/36405\/revisions\/36411"}],"wp:featuredmedia":[{"embeddable":true,"href":"https:\/\/www.ifun.de\/apiv2\/wp\/v2\/media\/36406"}],"wp:attachment":[{"href":"https:\/\/www.ifun.de\/apiv2\/wp\/v2\/media?parent=36405"}],"wp:term":[{"taxonomy":"category","embeddable":true,"href":"https:\/\/www.ifun.de\/apiv2\/wp\/v2\/categories?post=36405"},{"taxonomy":"post_tag","embeddable":true,"href":"https:\/\/www.ifun.de\/apiv2\/wp\/v2\/tags?post=36405"}],"curies":[{"name":"wp","href":"https:\/\/api.w.org\/{rel}","templated":true}]}}