{"id":36302,"date":"2013-03-04T14:54:40","date_gmt":"2013-03-04T13:54:40","guid":{"rendered":"http:\/\/www.ifun.de\/?p=36302"},"modified":"2013-03-04T14:55:40","modified_gmt":"2013-03-04T13:55:40","slug":"apples-armbanduhr-iwatch-kommt-angeblich-noch-dieses-jahr","status":"publish","type":"post","link":"https:\/\/www.ifun.de\/apples-armbanduhr-iwatch-kommt-angeblich-noch-dieses-jahr-36302\/","title":{"rendered":"Apples Armbanduhr &#8222;iWatch&#8220; kommt angeblich noch dieses Jahr"},"content":{"rendered":"<p>Die <a href=\"http:\/\/www.ifun.de\/apple-patentantrag-iwatch-35894\/\">Ger\u00fcchte<\/a> um eine \u201eintelligente Armbanduhr\u201c von Apple sind nicht ohne. Auch wenn der Glashersteller Corning erst k\u00fcrzlich prognostiziert hat, dass ein daf\u00fcr verwendbares \u201egebogenes Glas\u201c noch drei Jahre br\u00e4uchte, wer wei\u00df, was Apple hier vielleicht in petto hat?<\/p>\n<p>Der Wirtschaftsnachrichtendienst Bloomberg wirft nun ein paar zus\u00e4tzliche Kohlen aufs Feuer und l\u00e4sst verlauten, dass Apple noch in diesem Jahr eine entsprechende Produktvorstellung plane:<\/p>\n<blockquote><p>Apple seeks to introduce the device as soon as this year, this person said. Apple has filed at least 79 patent applications that include the word \u201cwrist,\u201d including one for a device with a flexible screen, powered by kinetic energy\u2026 The watch business is experiencing a renaissance reminiscent of the cell phone industry before the iPhone. (via <a href=\"http:\/\/9to5mac.com\/2013\/03\/04\/bloomberg-apple-to-release-its-iwatch-within-9-months\/\">9to5mac<\/a>)<\/p><\/blockquote>\n<p>Der Funktionsumfang des Ger\u00e4ts erinnert an bereits erh\u00e4ltliche SmartWatches wie die Strata oder die Pebble: Man k\u00f6nne darauf sehen wer anruft, Textnachrichten lesen aber auch Zusatzdienste wie beispielsweise die Anzeige von Geoinformationen nutzen.<\/p>\n<p>Eine \u201eArmbanduhr\u201c von Apple w\u00e4re ohne Zweifel ein spannendes Ding, wir k\u00f6nnen uns gut vorstellen, dass der Hersteller aus Cupertino in Sachen Funktionalit\u00e4t und Design so einiges, was sich bisher auf diesem Markt tummelt in den Schatten stellt.<\/p>\n","protected":false},"excerpt":{"rendered":"<p>Die Ger\u00fcchte um eine \u201eintelligente Armbanduhr\u201c von Apple sind nicht ohne. Auch wenn der Glashersteller Corning erst k\u00fcrzlich prognostiziert hat, dass ein daf\u00fcr verwendbares \u201egebogenes Glas\u201c noch drei Jahre br\u00e4uchte, wer wei\u00df, was Apple hier vielleicht in petto hat? Der Wirtschaftsnachrichtendienst Bloomberg wirft nun ein paar zus\u00e4tzliche Kohlen aufs Feuer und l\u00e4sst verlauten, dass Apple [&hellip;]<\/p>\n","protected":false},"author":2,"featured_media":0,"comment_status":"open","ping_status":"closed","sticky":false,"template":"","format":"standard","meta":{"_acf_changed":false,"footnotes":""},"categories":[18],"tags":[4736,3910,917],"class_list":["post-36302","post","type-post","status-publish","format-standard","hentry","category-rumors","tag-apple","tag-geruechte","tag-iwatch"],"acf":[],"aioseo_notices":[],"rest_api_enabler":[],"_links":{"self":[{"href":"https:\/\/www.ifun.de\/apiv2\/wp\/v2\/posts\/36302","targetHints":{"allow":["GET"]}}],"collection":[{"href":"https:\/\/www.ifun.de\/apiv2\/wp\/v2\/posts"}],"about":[{"href":"https:\/\/www.ifun.de\/apiv2\/wp\/v2\/types\/post"}],"author":[{"embeddable":true,"href":"https:\/\/www.ifun.de\/apiv2\/wp\/v2\/users\/2"}],"replies":[{"embeddable":true,"href":"https:\/\/www.ifun.de\/apiv2\/wp\/v2\/comments?post=36302"}],"version-history":[{"count":2,"href":"https:\/\/www.ifun.de\/apiv2\/wp\/v2\/posts\/36302\/revisions"}],"predecessor-version":[{"id":36305,"href":"https:\/\/www.ifun.de\/apiv2\/wp\/v2\/posts\/36302\/revisions\/36305"}],"wp:attachment":[{"href":"https:\/\/www.ifun.de\/apiv2\/wp\/v2\/media?parent=36302"}],"wp:term":[{"taxonomy":"category","embeddable":true,"href":"https:\/\/www.ifun.de\/apiv2\/wp\/v2\/categories?post=36302"},{"taxonomy":"post_tag","embeddable":true,"href":"https:\/\/www.ifun.de\/apiv2\/wp\/v2\/tags?post=36302"}],"curies":[{"name":"wp","href":"https:\/\/api.w.org\/{rel}","templated":true}]}}