{"id":35845,"date":"2013-02-20T15:49:05","date_gmt":"2013-02-20T14:49:05","guid":{"rendered":"http:\/\/www.ifun.de\/?p=35845"},"modified":"2013-02-20T15:49:05","modified_gmt":"2013-02-20T14:49:05","slug":"apple-store-768-gb-ssd-option-fur-build-to-order-macs-deutlich-im-preis-gesenkt","status":"publish","type":"post","link":"https:\/\/www.ifun.de\/apple-store-768-gb-ssd-option-fur-build-to-order-macs-deutlich-im-preis-gesenkt-35845\/","title":{"rendered":"Apple Store: 768 GB SSD-Option f\u00fcr Build-to-Order-Macs deutlich im Preis gesenkt"},"content":{"rendered":"<p>Seit Apple letzte Woche die <a href=\"http:\/\/www.ifun.de\/retina-macbook-pro-apple-uberarbeitet-prozessoren-und-preise-35538\/\">Preise f\u00fcr das MacBook Pro und das MacBook Air gesenkt<\/a> hat, sind offenbar auch die im <a href=\"http:\/\/ifun.de\/applestore\/http:\/\/store.apple.com\/de\/go\/home\">Apple Store<\/a> als \u201eBuild-to-Order\u201c-Option erh\u00e4ltlichen SSD-Festplatten f\u00fcr verschiedene Mac-Modelle g\u00fcnstiger geworden.<\/p>\n<p>Konkret macht uns Mike auf die um knapp 400 Euro im Preis gefallene Bestelloption f\u00fcr 768 GB Flash-Speicher beim neuen iMac mit 27\u201c Bildschirmgr\u00f6\u00dfe aufmerksam. Hierf\u00fcr fallen jetzt \u201enur\u201c noch 900 Euro Aufpreis an.<\/p>\n<p><img loading=\"lazy\" decoding=\"async\" src=\"http:\/\/images.ifun.de\/wp-content\/uploads\/2013\/02\/apple-store.jpg\" alt=\"\" title=\"apple-store\" width=\"464\" height=\"120\" class=\"alignnone size-full wp-image-35846\" srcset=\"https:\/\/images.ifun.de\/wp-content\/uploads\/2013\/02\/apple-store.jpg 464w, https:\/\/images.ifun.de\/wp-content\/uploads\/2013\/02\/apple-store-300x77.jpg 300w\" sizes=\"auto, (max-width: 464px) 100vw, 464px\" \/><\/p>\n<p>An Kunden, die ihren iMac mit dieser Option bestellt hatten, aber noch nicht geliefert bekamen, wird der Preisnachlass automatisch weitergegeben. Falls ihr noch keine entsprechende Mail erhalten habt, wendet ihr euch am besten an die in der Bestellbest\u00e4tigung genannte Hotline-Nummer.<\/p>\n","protected":false},"excerpt":{"rendered":"<a href=\"https:\/\/www.ifun.de\/apple-store-768-gb-ssd-option-fur-build-to-order-macs-deutlich-im-preis-gesenkt-35845\/\"><img width=\"150\" height=\"39\" src=\"https:\/\/images.ifun.de\/wp-content\/uploads\/2013\/02\/apple-store.jpg\" class=\"alignright tfe wp-post-image\" alt=\"\" decoding=\"async\" loading=\"lazy\" srcset=\"https:\/\/images.ifun.de\/wp-content\/uploads\/2013\/02\/apple-store.jpg 464w, https:\/\/images.ifun.de\/wp-content\/uploads\/2013\/02\/apple-store-300x77.jpg 300w\" sizes=\"auto, (max-width: 150px) 100vw, 150px\" \/><\/a><p>Seit Apple letzte Woche die Preise f\u00fcr das MacBook Pro und das MacBook Air gesenkt hat, sind offenbar auch die im Apple Store als \u201eBuild-to-Order\u201c-Option erh\u00e4ltlichen SSD-Festplatten f\u00fcr verschiedene Mac-Modelle g\u00fcnstiger geworden. Konkret macht uns Mike auf die um knapp 400 Euro im Preis gefallene Bestelloption f\u00fcr 768 GB Flash-Speicher beim neuen iMac mit 27\u201c [&hellip;]<\/p>\n","protected":false},"author":2,"featured_media":35846,"comment_status":"open","ping_status":"closed","sticky":false,"template":"","format":"standard","meta":{"_acf_changed":false,"footnotes":""},"categories":[16],"tags":[49,393,6321],"class_list":["post-35845","post","type-post","status-publish","format-standard","has-post-thumbnail","hentry","category-mac","tag-apple-store","tag-imac","tag-mac"],"acf":[],"aioseo_notices":[],"rest_api_enabler":[],"_links":{"self":[{"href":"https:\/\/www.ifun.de\/apiv2\/wp\/v2\/posts\/35845","targetHints":{"allow":["GET"]}}],"collection":[{"href":"https:\/\/www.ifun.de\/apiv2\/wp\/v2\/posts"}],"about":[{"href":"https:\/\/www.ifun.de\/apiv2\/wp\/v2\/types\/post"}],"author":[{"embeddable":true,"href":"https:\/\/www.ifun.de\/apiv2\/wp\/v2\/users\/2"}],"replies":[{"embeddable":true,"href":"https:\/\/www.ifun.de\/apiv2\/wp\/v2\/comments?post=35845"}],"version-history":[{"count":3,"href":"https:\/\/www.ifun.de\/apiv2\/wp\/v2\/posts\/35845\/revisions"}],"predecessor-version":[{"id":35849,"href":"https:\/\/www.ifun.de\/apiv2\/wp\/v2\/posts\/35845\/revisions\/35849"}],"wp:featuredmedia":[{"embeddable":true,"href":"https:\/\/www.ifun.de\/apiv2\/wp\/v2\/media\/35846"}],"wp:attachment":[{"href":"https:\/\/www.ifun.de\/apiv2\/wp\/v2\/media?parent=35845"}],"wp:term":[{"taxonomy":"category","embeddable":true,"href":"https:\/\/www.ifun.de\/apiv2\/wp\/v2\/categories?post=35845"},{"taxonomy":"post_tag","embeddable":true,"href":"https:\/\/www.ifun.de\/apiv2\/wp\/v2\/tags?post=35845"}],"curies":[{"name":"wp","href":"https:\/\/api.w.org\/{rel}","templated":true}]}}