{"id":35713,"date":"2013-02-18T07:41:20","date_gmt":"2013-02-18T06:41:20","guid":{"rendered":"http:\/\/www.ifun.de\/?p=35713"},"modified":"2013-02-18T07:41:34","modified_gmt":"2013-02-18T06:41:34","slug":"macbook-pro-retina-reparatur-anleitung","status":"publish","type":"post","link":"https:\/\/www.ifun.de\/macbook-pro-retina-reparatur-anleitung-35713\/","title":{"rendered":"Reparaturanleitung weist auf technische Ver\u00e4nderungen bei neuen Retina-MacBooks hin"},"content":{"rendered":"<p>Vermutlich nichts Weltbewegendes, aber Apple hat an den letzte Woche zu reduzierten Preisen eingef\u00fchrten neuen Retina-MacBooks (<a href=\"http:\/\/www.ifun.de\/retina-macbook-pro-apple-uberarbeitet-prozessoren-und-preise-35538\/\">wir berichteten<\/a>) offenbar mehr ge\u00e4ndert, als nur die Prozessorgeschwindigkeit.<\/p>\n<p><img loading=\"lazy\" decoding=\"async\" src=\"http:\/\/images.ifun.de\/wp-content\/uploads\/2013\/02\/mb-retina-repair.jpg\" alt=\"\" title=\"mb-retina-repair\" width=\"464\" height=\"241\" class=\"alignnone size-full wp-image-35714\" srcset=\"https:\/\/images.ifun.de\/wp-content\/uploads\/2013\/02\/mb-retina-repair.jpg 464w, https:\/\/images.ifun.de\/wp-content\/uploads\/2013\/02\/mb-retina-repair-300x155.jpg 300w\" sizes=\"auto, (max-width: 464px) 100vw, 464px\" \/><\/p>\n<p>Eine zusammen mit diversen iPhone-Anleitungen und -Videos <a href=\"http:\/\/www.iphone-ticker.de\/reparaturanleitung-iphone-ipad-macbook-pdf-video-43923\/\">im Internet ver\u00f6ffentlichte Reparaturanleitung<\/a> f\u00fcr das MacBook Pro Retina weist f\u00fcr die Modelle \u201eMitte 2012\u201c und \u201eAnfang 2013\u201c diverse Bauteile in unterschiedlichen Versionen aus. Neben diversen aktualisierten Elektronikbauteilen wurden offenbar selbst an der Bodenplatte \u00c4nderungen vorgenommen. (via <a href=\"http:\/\/9to5mac.com\/2013\/02\/16\/new-model-early-2013-retina-macbook-pros-use-some-upgraded-internal-parts\/\">9to5Mac<\/a>)<\/p>\n<p>Es ist allerdings nicht davon auszugehen, dass Apple hier grundlegende \u00dcberarbeitungen vorgenommen, sondern eher das erst vor gut einem halben Jahr erschienene Notebook noch etwas optimiert hat. Apple \u00e4ndert produktionstechnische Details regelm\u00e4\u00dfig und teils auch ohne ein \u201eoffizielles\u201c Produktupgrade wie dem letzter Woche. So wissen wir beispielsweise, dass das Kabellayout beim iPad 2 erst vor kurzem <a href=\"http:\/\/www.ifun.de\/ipad-2-wifi-cable-layout-different-33617\/\">komplett \u00fcberarbeitet wurde<\/a> und gehen momentan Hinweisen auf interne \u00c4nderungen beim iPhone 5 nach.<\/p>\n","protected":false},"excerpt":{"rendered":"<a href=\"https:\/\/www.ifun.de\/macbook-pro-retina-reparatur-anleitung-35713\/\"><img width=\"150\" height=\"78\" src=\"https:\/\/images.ifun.de\/wp-content\/uploads\/2013\/02\/mb-retina-repair.jpg\" class=\"alignright tfe wp-post-image\" alt=\"\" decoding=\"async\" loading=\"lazy\" srcset=\"https:\/\/images.ifun.de\/wp-content\/uploads\/2013\/02\/mb-retina-repair.jpg 464w, https:\/\/images.ifun.de\/wp-content\/uploads\/2013\/02\/mb-retina-repair-300x155.jpg 300w\" sizes=\"auto, (max-width: 150px) 100vw, 150px\" \/><\/a><p>Vermutlich nichts Weltbewegendes, aber Apple hat an den letzte Woche zu reduzierten Preisen eingef\u00fchrten neuen Retina-MacBooks (wir berichteten) offenbar mehr ge\u00e4ndert, als nur die Prozessorgeschwindigkeit. Eine zusammen mit diversen iPhone-Anleitungen und -Videos im Internet ver\u00f6ffentlichte Reparaturanleitung f\u00fcr das MacBook Pro Retina weist f\u00fcr die Modelle \u201eMitte 2012\u201c und \u201eAnfang 2013\u201c diverse Bauteile in unterschiedlichen Versionen [&hellip;]<\/p>\n","protected":false},"author":2,"featured_media":35714,"comment_status":"open","ping_status":"closed","sticky":false,"template":"","format":"standard","meta":{"_acf_changed":false,"footnotes":""},"categories":[16],"tags":[144,224,123,524],"class_list":["post-35713","post","type-post","status-publish","format-standard","has-post-thumbnail","hentry","category-mac","tag-macbook","tag-macbook-pro","tag-reparatur","tag-retina"],"acf":[],"aioseo_notices":[],"rest_api_enabler":[],"_links":{"self":[{"href":"https:\/\/www.ifun.de\/apiv2\/wp\/v2\/posts\/35713","targetHints":{"allow":["GET"]}}],"collection":[{"href":"https:\/\/www.ifun.de\/apiv2\/wp\/v2\/posts"}],"about":[{"href":"https:\/\/www.ifun.de\/apiv2\/wp\/v2\/types\/post"}],"author":[{"embeddable":true,"href":"https:\/\/www.ifun.de\/apiv2\/wp\/v2\/users\/2"}],"replies":[{"embeddable":true,"href":"https:\/\/www.ifun.de\/apiv2\/wp\/v2\/comments?post=35713"}],"version-history":[{"count":2,"href":"https:\/\/www.ifun.de\/apiv2\/wp\/v2\/posts\/35713\/revisions"}],"predecessor-version":[{"id":35716,"href":"https:\/\/www.ifun.de\/apiv2\/wp\/v2\/posts\/35713\/revisions\/35716"}],"wp:featuredmedia":[{"embeddable":true,"href":"https:\/\/www.ifun.de\/apiv2\/wp\/v2\/media\/35714"}],"wp:attachment":[{"href":"https:\/\/www.ifun.de\/apiv2\/wp\/v2\/media?parent=35713"}],"wp:term":[{"taxonomy":"category","embeddable":true,"href":"https:\/\/www.ifun.de\/apiv2\/wp\/v2\/categories?post=35713"},{"taxonomy":"post_tag","embeddable":true,"href":"https:\/\/www.ifun.de\/apiv2\/wp\/v2\/tags?post=35713"}],"curies":[{"name":"wp","href":"https:\/\/api.w.org\/{rel}","templated":true}]}}