{"id":35553,"date":"2013-02-13T17:48:20","date_gmt":"2013-02-13T16:48:20","guid":{"rendered":"http:\/\/www.ifun.de\/?p=35553"},"modified":"2013-02-13T18:15:18","modified_gmt":"2013-02-13T17:15:18","slug":"apple-tv-app-store-geruechte","status":"publish","type":"post","link":"https:\/\/www.ifun.de\/apple-tv-app-store-geruechte-35553\/","title":{"rendered":"Kommt App Store f\u00fcr Apple TV? Special Event angeblich im M\u00e4rz"},"content":{"rendered":"<p>Okay okay, hier wird gerade \u00fcberdurchschnittlich viel spekuliert, aber auch das dritte f\u00fcr uns erw\u00e4hnungsw\u00fcrdige Ger\u00fccht des heutigen Tages entbehrt nicht einer gewissen Substanz.<\/p>\n<p>Apple soll f\u00fcr n\u00e4chsten Monat ein Special Event mit Focus <a href=\"http:\/\/www.ifun.de\/apple-tv\/\">Apple TV<\/a> planen. Bei den Details zu der Veranstaltung bleibt Piper-Jeffries-Analyst Peter Misek erfreulich sachlich und meint, es ginge keinesfalls um die Vorstellung eines Fernsehers, sondern vielmehr eher um die m\u00f6gliche Vorstellung einer Entwicklungsumgebung f\u00fcr Apple-TV-Apps. (via <a href=\"http:\/\/www.macrumors.com\/2013\/02\/13\/apple-planning-march-special-event-to-introduce-developer-tools-for-tv\/\">Mac Rumors<\/a>)<\/p>\n<p><img loading=\"lazy\" decoding=\"async\" src=\"http:\/\/images.ifun.de\/wp-content\/uploads\/2013\/02\/apple-tv.jpg\" alt=\"\" title=\"apple-tv\" width=\"464\" height=\"302\" class=\"alignnone size-full wp-image-35556\" srcset=\"https:\/\/images.ifun.de\/wp-content\/uploads\/2013\/02\/apple-tv.jpg 464w, https:\/\/images.ifun.de\/wp-content\/uploads\/2013\/02\/apple-tv-300x195.jpg 300w\" sizes=\"auto, (max-width: 464px) 100vw, 464px\" \/><\/p>\n<p>Entsprechende Ger\u00fcchte schwirren ja nun schon l\u00e4nger durch die Gegend und verschiedene Neuerungen im Betriebssystem der kleinen Set-Top-Box lassen darauf schlie\u00dfen, das grunds\u00e4tzlich Erweiterungen auf jeden Fall angedacht sind. Wir denken hier beispielsweise an die M\u00f6glichkeit, die <a href=\"http:\/\/www.ifun.de\/apple-tv-apps-sortieren-26703\/\">Symbole auf dem Startbildschirm zu sortieren<\/a> oder die j\u00fcngst hinzugekommene <a href=\"http:\/\/www.ifun.de\/apple-tv-update-bluetooth-tastatur-anschliessen-34625\/\">Unterst\u00fctzung von Bluetooth-Tastaturen<\/a>.<\/p>\n<p>W\u00fcrde Apple tats\u00e4chlich im M\u00e4rz damit beginnen, die Entwicklung von Drittanbieter-Apps f\u00fcr Apple TV zu unterst\u00fctzen, k\u00f6nnte mit einem Software-Update im Sp\u00e4tsommer oder Herbst bereits ein gut ausgestatteter App Store auf unseren Fernsehern an den Start gehen. Wir sind gespannt.<\/p>\n","protected":false},"excerpt":{"rendered":"<a href=\"https:\/\/www.ifun.de\/apple-tv-app-store-geruechte-35553\/\"><img width=\"150\" height=\"98\" src=\"https:\/\/images.ifun.de\/wp-content\/uploads\/2013\/02\/apple-tv.jpg\" class=\"alignright tfe wp-post-image\" alt=\"\" decoding=\"async\" loading=\"lazy\" srcset=\"https:\/\/images.ifun.de\/wp-content\/uploads\/2013\/02\/apple-tv.jpg 464w, https:\/\/images.ifun.de\/wp-content\/uploads\/2013\/02\/apple-tv-300x195.jpg 300w\" sizes=\"auto, (max-width: 150px) 100vw, 150px\" \/><\/a><p>Okay okay, hier wird gerade \u00fcberdurchschnittlich viel spekuliert, aber auch das dritte f\u00fcr uns erw\u00e4hnungsw\u00fcrdige Ger\u00fccht des heutigen Tages entbehrt nicht einer gewissen Substanz. Apple soll f\u00fcr n\u00e4chsten Monat ein Special Event mit Focus Apple TV planen. Bei den Details zu der Veranstaltung bleibt Piper-Jeffries-Analyst Peter Misek erfreulich sachlich und meint, es ginge keinesfalls um [&hellip;]<\/p>\n","protected":false},"author":2,"featured_media":35556,"comment_status":"open","ping_status":"closed","sticky":false,"template":"","format":"standard","meta":{"_acf_changed":false,"footnotes":""},"categories":[4],"tags":[23,26,3910,6322],"class_list":["post-35553","post","type-post","status-publish","format-standard","has-post-thumbnail","hentry","category-appletv","tag-app-store","tag-apple-tv","tag-geruechte","tag-rumors"],"acf":[],"aioseo_notices":[],"rest_api_enabler":[],"_links":{"self":[{"href":"https:\/\/www.ifun.de\/apiv2\/wp\/v2\/posts\/35553","targetHints":{"allow":["GET"]}}],"collection":[{"href":"https:\/\/www.ifun.de\/apiv2\/wp\/v2\/posts"}],"about":[{"href":"https:\/\/www.ifun.de\/apiv2\/wp\/v2\/types\/post"}],"author":[{"embeddable":true,"href":"https:\/\/www.ifun.de\/apiv2\/wp\/v2\/users\/2"}],"replies":[{"embeddable":true,"href":"https:\/\/www.ifun.de\/apiv2\/wp\/v2\/comments?post=35553"}],"version-history":[{"count":4,"href":"https:\/\/www.ifun.de\/apiv2\/wp\/v2\/posts\/35553\/revisions"}],"predecessor-version":[{"id":35564,"href":"https:\/\/www.ifun.de\/apiv2\/wp\/v2\/posts\/35553\/revisions\/35564"}],"wp:featuredmedia":[{"embeddable":true,"href":"https:\/\/www.ifun.de\/apiv2\/wp\/v2\/media\/35556"}],"wp:attachment":[{"href":"https:\/\/www.ifun.de\/apiv2\/wp\/v2\/media?parent=35553"}],"wp:term":[{"taxonomy":"category","embeddable":true,"href":"https:\/\/www.ifun.de\/apiv2\/wp\/v2\/categories?post=35553"},{"taxonomy":"post_tag","embeddable":true,"href":"https:\/\/www.ifun.de\/apiv2\/wp\/v2\/tags?post=35553"}],"curies":[{"name":"wp","href":"https:\/\/api.w.org\/{rel}","templated":true}]}}