{"id":3546,"date":"2007-08-13T21:11:56","date_gmt":"2010-12-02T20:31:24","guid":{"rendered":""},"modified":"2010-12-02T20:31:24","modified_gmt":"2010-12-02T20:31:24","slug":"aluminium-fur-die-6-ipod-generation","status":"publish","type":"post","link":"https:\/\/www.ifun.de\/aluminium-fur-die-6-ipod-generation-3546\/","title":{"rendered":"Aluminium f\u00fcr die 6. iPod-Generation"},"content":{"rendered":"<p><img decoding=\"async\" src=\"http:\/\/images.ifun.de\/wp-content\/mosimages\/images\/stories\/2007_08\/ipodoptik.jpg\">Nicht unwahrscheinlich, sondern wenn man sich nebenstehende Grafik ansieht beinahe zwingend ist neben dem technischen auch ein optisches Update f\u00fcr die gro\u00dfen iPods. <a href=\"http:\/\/www.appleresource.net\/new-large-ipod-aluminium\" target=\"_blank\">AppleResource<\/a> hat hierf\u00fcr angeblich Hinweise aus glaubw\u00fcrdigen Quellen &#8211; da wir aber bisher irgendwie noch nicht wirklich viel von AppleResource geh\u00f6rt haben, nehmen wir das mit den Quellen nicht all zu ernst, bedanken uns aber f\u00fcr die in jedem Fall sinnige Inspiration. Quietschbunte Farben sind \u00fcbrigens nicht zwingend, es ist durchaus m\u00f6glich dass Apple eine iPod-Evolutionsstufe \u00fcberspringt und sich \u00e4hnlich wie beim iPhone und dem iMac mit einer Kombi &#8217;naturbelassenem&#8216; Aluminium und Schwarz begn\u00fcgt.<br \/>\nIn jedem Fall gilt es jetzt dienstags verst\u00e4rkt Augen und Ohren auf zu halten, das Update ist f\u00e4llig und war laut unseren Infos zumindest einmal f\u00fcr August geplant. Morgen ist Dienstag\u2026<\/p>\n","protected":false},"excerpt":{"rendered":"<a href=\"https:\/\/www.ifun.de\/aluminium-fur-die-6-ipod-generation-3546\/\"><img decoding=\"async\" width=\"150\" src=\"http:\/\/images.ifun.de\/wp-content\/mosimages\/images\/stories\/2007_08\/ipodoptik.jpg\" class=\"alignright wp-post-image tfe\" alt=\"\" title=\"\" \/><\/a><p>Nicht unwahrscheinlich, sondern wenn man sich nebenstehende Grafik ansieht beinahe zwingend ist neben dem technischen auch ein optisches Update f\u00fcr die gro\u00dfen iPods. AppleResource hat hierf\u00fcr angeblich Hinweise aus glaubw\u00fcrdigen Quellen &#8211; da wir aber bisher irgendwie noch nicht wirklich viel von AppleResource geh\u00f6rt haben, nehmen wir das mit den Quellen nicht all zu ernst, [&hellip;]<\/p>\n","protected":false},"author":1,"featured_media":0,"comment_status":"open","ping_status":"open","sticky":false,"template":"","format":"standard","meta":{"_acf_changed":false,"footnotes":""},"categories":[],"tags":[],"class_list":["post-3546","post","type-post","status-publish","format-standard","hentry"],"acf":[],"aioseo_notices":[],"rest_api_enabler":[],"_links":{"self":[{"href":"https:\/\/www.ifun.de\/apiv2\/wp\/v2\/posts\/3546","targetHints":{"allow":["GET"]}}],"collection":[{"href":"https:\/\/www.ifun.de\/apiv2\/wp\/v2\/posts"}],"about":[{"href":"https:\/\/www.ifun.de\/apiv2\/wp\/v2\/types\/post"}],"author":[{"embeddable":true,"href":"https:\/\/www.ifun.de\/apiv2\/wp\/v2\/users\/1"}],"replies":[{"embeddable":true,"href":"https:\/\/www.ifun.de\/apiv2\/wp\/v2\/comments?post=3546"}],"version-history":[{"count":0,"href":"https:\/\/www.ifun.de\/apiv2\/wp\/v2\/posts\/3546\/revisions"}],"wp:attachment":[{"href":"https:\/\/www.ifun.de\/apiv2\/wp\/v2\/media?parent=3546"}],"wp:term":[{"taxonomy":"category","embeddable":true,"href":"https:\/\/www.ifun.de\/apiv2\/wp\/v2\/categories?post=3546"},{"taxonomy":"post_tag","embeddable":true,"href":"https:\/\/www.ifun.de\/apiv2\/wp\/v2\/tags?post=3546"}],"curies":[{"name":"wp","href":"https:\/\/api.w.org\/{rel}","templated":true}]}}