{"id":34985,"date":"2013-02-04T08:16:07","date_gmt":"2013-02-04T07:16:07","guid":{"rendered":"http:\/\/www.ifun.de\/?p=34985"},"modified":"2013-02-04T20:11:47","modified_gmt":"2013-02-04T19:11:47","slug":"heute-20-15-ard-markencheck-nimmt-apple-unter-die-lupe","status":"publish","type":"post","link":"https:\/\/www.ifun.de\/heute-20-15-ard-markencheck-nimmt-apple-unter-die-lupe-34985\/","title":{"rendered":"Im Ersten: ARD-Markencheck nimmt Apple unter die Lupe"},"content":{"rendered":"<p><strong>UPDATE: Wenn ihr die beiden Sendungen per Livestream verfolgen wollt, klickt ihr jetzt vom Computer aus auf <a href=\"http:\/\/live.daserste.de\">live.daserste.de<\/a> oder vom iOS-Ger\u00e4t aus auf die Mobilseite der ARD <a href=\"http:\/\/m.daserste.de\">m.daserste.de<\/a>.<\/strong><\/p>\n<hr>\n<p>F\u00fcr heute Abend d\u00fcrft ihr Chips und Cola bereitlegen. Der ARD Markencheck nimmt ab 20.15 Uhr &#8222;<a href=\"http:\/\/www.daserste.de\/programm\/tvtipp.asp?datum=04.02.2013\">Apple unter die Lupe<\/a>\u201c und uns f\u00e4llt es im Vorfeld schon schwer, auf eine ausgewogene Berichterstattung zu hoffen. Zuletzt musste die ARD-Sendung im Anschluss an den im Januar ausgestrahlten \u201eTUI Markencheck\u201c heftig Kritik einstecken, der Reiseveranstalter gab im Anschluss gar per ausf\u00fchrlicher <a href=\"http:\/\/www.presseportal.de\/pm\/31717\/2401935\/scharfe-kritik-von-verbrauchern-am-ard-markencheck-tui-ein-durch-und-durch-tendenzioeser-bericht\">Pressemitteilung<\/a> bekannt, dass man sich von den Autoren schlicht hinters Licht gef\u00fchrt f\u00fchle.<\/p>\n<p><img loading=\"lazy\" decoding=\"async\" src=\"http:\/\/images.ifun.de\/wp-content\/uploads\/2013\/02\/markencheck.jpg\" alt=\"\" title=\"markencheck\" width=\"464\" height=\"244\" class=\"alignnone size-full wp-image-34986\" srcset=\"https:\/\/images.ifun.de\/wp-content\/uploads\/2013\/02\/markencheck.jpg 464w, https:\/\/images.ifun.de\/wp-content\/uploads\/2013\/02\/markencheck-300x157.jpg 300w\" sizes=\"auto, (max-width: 464px) 100vw, 464px\" \/><\/p>\n<p>Nichts gegen Kritik, die fundiert sicher auch mit Bezug auf Apple ihre Berechtigung hat, aber wir sind es inzwischen Leid, mit Blick auf Quoten und Klickzahlen immer wieder die selben \u201eBad Company\u201c-Argumente vorgekaut zu bekommen. Negativpunkte, die bei anderen Unternehmen weitaus gravierender auftreten d\u00fcrften aber l\u00e4ngst nicht so viel Publicity bringen und daher uninteressant sind.<\/p>\n<p>Aber geben wir der ARD eine Chance. Die Sendung l\u00e4uft um 20.15 Uhr und wir sind gespannt, ob das \u00f6ffentlich-rechtlich finanzierte Produktionsteam dem damit verbundenen Anspruch gerecht wird und sich von dem in der TUI-Pressemitteilung genannten \u201eTaff-Niveau\u201c abheben kann.<\/p>\n<p><strong>UPDATE:<\/strong> Kauft lieber zwei T\u00fcten Chips, direkt im Anschluss kommt &#8222;Hart aber fair&#8220; mit dem Titel &#8222;<a href=\"http:\/\/programm.daserste.de\/pages\/programm\/detail.aspx?id=7FDB20945869AB78E62B06847A7F4496\">Handy an, Hirn aus &#8211; wie doof machen uns Apple und Co.?<\/a>&#8220; :-)<\/p>\n","protected":false},"excerpt":{"rendered":"<a href=\"https:\/\/www.ifun.de\/heute-20-15-ard-markencheck-nimmt-apple-unter-die-lupe-34985\/\"><img width=\"150\" height=\"79\" src=\"https:\/\/images.ifun.de\/wp-content\/uploads\/2013\/02\/markencheck.jpg\" class=\"alignright tfe wp-post-image\" alt=\"\" decoding=\"async\" loading=\"lazy\" srcset=\"https:\/\/images.ifun.de\/wp-content\/uploads\/2013\/02\/markencheck.jpg 464w, https:\/\/images.ifun.de\/wp-content\/uploads\/2013\/02\/markencheck-300x157.jpg 300w\" sizes=\"auto, (max-width: 150px) 100vw, 150px\" \/><\/a><p>UPDATE: Wenn ihr die beiden Sendungen per Livestream verfolgen wollt, klickt ihr jetzt vom Computer aus auf live.daserste.de oder vom iOS-Ger\u00e4t aus auf die Mobilseite der ARD m.daserste.de. F\u00fcr heute Abend d\u00fcrft ihr Chips und Cola bereitlegen. Der ARD Markencheck nimmt ab 20.15 Uhr &#8222;Apple unter die Lupe\u201c und uns f\u00e4llt es im Vorfeld schon [&hellip;]<\/p>\n","protected":false},"author":2,"featured_media":34986,"comment_status":"open","ping_status":"closed","sticky":false,"template":"","format":"standard","meta":{"_acf_changed":false,"footnotes":""},"categories":[3],"tags":[4736,183,58,373],"class_list":["post-34985","post","type-post","status-publish","format-standard","has-post-thumbnail","hentry","category-apple","tag-apple","tag-ard","tag-fernsehen","tag-kritik"],"acf":[],"aioseo_notices":[],"rest_api_enabler":[],"_links":{"self":[{"href":"https:\/\/www.ifun.de\/apiv2\/wp\/v2\/posts\/34985","targetHints":{"allow":["GET"]}}],"collection":[{"href":"https:\/\/www.ifun.de\/apiv2\/wp\/v2\/posts"}],"about":[{"href":"https:\/\/www.ifun.de\/apiv2\/wp\/v2\/types\/post"}],"author":[{"embeddable":true,"href":"https:\/\/www.ifun.de\/apiv2\/wp\/v2\/users\/2"}],"replies":[{"embeddable":true,"href":"https:\/\/www.ifun.de\/apiv2\/wp\/v2\/comments?post=34985"}],"version-history":[{"count":6,"href":"https:\/\/www.ifun.de\/apiv2\/wp\/v2\/posts\/34985\/revisions"}],"predecessor-version":[{"id":35072,"href":"https:\/\/www.ifun.de\/apiv2\/wp\/v2\/posts\/34985\/revisions\/35072"}],"wp:featuredmedia":[{"embeddable":true,"href":"https:\/\/www.ifun.de\/apiv2\/wp\/v2\/media\/34986"}],"wp:attachment":[{"href":"https:\/\/www.ifun.de\/apiv2\/wp\/v2\/media?parent=34985"}],"wp:term":[{"taxonomy":"category","embeddable":true,"href":"https:\/\/www.ifun.de\/apiv2\/wp\/v2\/categories?post=34985"},{"taxonomy":"post_tag","embeddable":true,"href":"https:\/\/www.ifun.de\/apiv2\/wp\/v2\/tags?post=34985"}],"curies":[{"name":"wp","href":"https:\/\/api.w.org\/{rel}","templated":true}]}}