{"id":3494,"date":"2007-07-29T17:36:38","date_gmt":"2010-12-02T20:31:24","guid":{"rendered":""},"modified":"2010-12-02T20:31:24","modified_gmt":"2010-12-02T20:31:24","slug":"usb-hack-festplatte-am-apple-tv","status":"publish","type":"post","link":"https:\/\/www.ifun.de\/usb-hack-festplatte-am-apple-tv-3494\/","title":{"rendered":"USB-Hack: Festplatte am Apple TV"},"content":{"rendered":"<p><img decoding=\"async\" src=\"http:\/\/images.ifun.de\/wp-content\/mosimages\/images\/stories\/2007_07\/atvfp.jpg\">Bei der ganzen iPhone-Aufregung h\u00e4tten wir fast die aktuellen Entwicklungen der Apple TV Hacker von AwkwardTV \u00fcbersehen. Mit dem nun im <a href=\"http:\/\/wiki.awkwardtv.org\/wiki\/\" target=\"_blank\">AwkwardTV-Wiki<\/a> ver\u00f6ffentlichtem <a href=\"http:\/\/wiki.awkwardtv.org\/wiki\/Enable_USB_Storage\" target=\"_blank\">USB Storage-Patch<\/a> gibt es n\u00e4mlich einen <a href=\"http:\/\/de.wikipedia.org\/wiki\/Meilenstein_%28Projektmanagement%29\" target=\"_blank\">Meilenstein<\/a> zur Zukunft des bisher <a href=\"\/content\/view\/3017\/2\/\">eher nutzlosen<\/a> USB-Ports zu vermelden. An den, f\u00fcr Service-Zwecke vorgesehenen USB-Port lassen sich nun erstmals externe Festplatten h\u00e4ngen und so die Kapazit\u00e4t des Anfangs nur mit 40GB ausgestattetem Apple TV problemlos verdoppeln. Das passende Tutorial und die ben\u00f6tigten Dateien <a href=\"http:\/\/wiki.awkwardtv.org\/wiki\/Enable_USB_Storage\" target=\"_blank\">findet ihr hier<\/a>. <\/p>\n","protected":false},"excerpt":{"rendered":"<a href=\"https:\/\/www.ifun.de\/usb-hack-festplatte-am-apple-tv-3494\/\"><img decoding=\"async\" width=\"150\" src=\"http:\/\/images.ifun.de\/wp-content\/mosimages\/images\/stories\/2007_07\/atvfp.jpg\" class=\"alignright wp-post-image tfe\" alt=\"\" title=\"\" \/><\/a><p>Bei der ganzen iPhone-Aufregung h\u00e4tten wir fast die aktuellen Entwicklungen der Apple TV Hacker von AwkwardTV \u00fcbersehen. Mit dem nun im AwkwardTV-Wiki ver\u00f6ffentlichtem USB Storage-Patch gibt es n\u00e4mlich einen Meilenstein zur Zukunft des bisher eher nutzlosen USB-Ports zu vermelden. An den, f\u00fcr Service-Zwecke vorgesehenen USB-Port lassen sich nun erstmals externe Festplatten h\u00e4ngen und so die [&hellip;]<\/p>\n","protected":false},"author":1,"featured_media":0,"comment_status":"open","ping_status":"open","sticky":false,"template":"","format":"standard","meta":{"_acf_changed":false,"footnotes":""},"categories":[],"tags":[],"class_list":["post-3494","post","type-post","status-publish","format-standard","hentry"],"acf":[],"aioseo_notices":[],"rest_api_enabler":[],"_links":{"self":[{"href":"https:\/\/www.ifun.de\/apiv2\/wp\/v2\/posts\/3494","targetHints":{"allow":["GET"]}}],"collection":[{"href":"https:\/\/www.ifun.de\/apiv2\/wp\/v2\/posts"}],"about":[{"href":"https:\/\/www.ifun.de\/apiv2\/wp\/v2\/types\/post"}],"author":[{"embeddable":true,"href":"https:\/\/www.ifun.de\/apiv2\/wp\/v2\/users\/1"}],"replies":[{"embeddable":true,"href":"https:\/\/www.ifun.de\/apiv2\/wp\/v2\/comments?post=3494"}],"version-history":[{"count":0,"href":"https:\/\/www.ifun.de\/apiv2\/wp\/v2\/posts\/3494\/revisions"}],"wp:attachment":[{"href":"https:\/\/www.ifun.de\/apiv2\/wp\/v2\/media?parent=3494"}],"wp:term":[{"taxonomy":"category","embeddable":true,"href":"https:\/\/www.ifun.de\/apiv2\/wp\/v2\/categories?post=3494"},{"taxonomy":"post_tag","embeddable":true,"href":"https:\/\/www.ifun.de\/apiv2\/wp\/v2\/tags?post=3494"}],"curies":[{"name":"wp","href":"https:\/\/api.w.org\/{rel}","templated":true}]}}