{"id":34911,"date":"2013-02-01T09:24:20","date_gmt":"2013-02-01T08:24:20","guid":{"rendered":"http:\/\/www.ifun.de\/?p=34911"},"modified":"2013-02-01T09:24:20","modified_gmt":"2013-02-01T08:24:20","slug":"apple-gibt-deutliches-signal-mac-pro-update-steht-bevor","status":"publish","type":"post","link":"https:\/\/www.ifun.de\/apple-gibt-deutliches-signal-mac-pro-update-steht-bevor-34911\/","title":{"rendered":"Apple gibt deutliches Signal: Mac Pro-Update steht bevor"},"content":{"rendered":"<p><img loading=\"lazy\" decoding=\"async\" src=\"http:\/\/images.ifun.de\/wp-content\/uploads\/2013\/02\/design.png\" alt=\"\" title=\"design\" width=\"136\" height=\"149\" class=\"alignright size-full wp-image-34913\" \/>Im vergangenen Sommer auf die Zukunft <a href=\"http:\/\/www.apple.com\/macpro\/\">des Mac Pro<\/a> angesprochen, \u00e4u\u00dferte sich Apple Chef Tim Cook am 12. Juni zuversichtlich, bereits 2013 ein &#8222;gro\u00dfartiges&#8220; Folgeprodukt <a href=\"http:\/\/www.macworld.com\/article\/1167247\/cook_apple_planning_professional_mac_for_2013.html\">pr\u00e4sentieren zu k\u00f6nnen<\/a>. Der kurz nach seiner Ver\u00f6ffentlichung mit Skepsis betrachtete E-Mail-Zweizeiler wurde damals von Apples Pressestelle als authentisch best\u00e4tigt und am selben Tag verschickt, an dem das Mac-Modell mit den meisten Pferdest\u00e4rken sein letztes Hardware-Update spendiert bekam. <\/p>\n<blockquote><p>[&#8230;] Our Pro customers like you are really important to us. Although we didn\u2019t have a chance to talk about a new Mac Pro at today\u2019s event, don\u2019t worry as we\u2019re working on something really great for later next year. [&#8230;]<\/p><\/blockquote>\n<p>Heute darf festgestellt werden: Der Marktstart des neuen Mac Pro d\u00fcrfte kurz bevorstehen. So wird Apple den innereurop\u00e4ischen Verkauf der aktuellen Modelle, dies geht aus \u00fcbereinstimmenden H\u00e4ndler-berichten hervor, <a href=\"http:\/\/www.macworld.com\/article\/2026780\/mac-pro-sales-to-stop-march-1-in-eu-countries.html\">bereits am 1. M\u00e4rz einstellen<\/a>. <\/p>\n<p>Zwar kommuniziert Apple den Verkaufsstopp als Reaktion auf die <a href=\"http:\/\/www.ul.com\/global\/eng\/pages\/offerings\/industries\/hightech\/informationtechnology\/dates\/609501b\/\">im IEC 609501<\/a> festgehaltene Richtlinie der europ\u00e4ischen Regulierer, h\u00e4tte die aktuellen Modelle aber leicht an die in den Auflagen geforderten Zus\u00e4tze anpassen k\u00f6nnen. Der Rest ist offensichtlich. Die Anpassung des Mac Pro an europ\u00e4ische Normen wird nicht durch eine neue Platzierung von Netzteil und L\u00fcftern im aktuellen Modell, sondern durch die folgende Generation der Profi-Maschine umgesetzt. Eine Release-Termin kurz vor dem 1. M\u00e4rz ist damit sehr wahrscheinlich geworden. <\/p>\n","protected":false},"excerpt":{"rendered":"<a href=\"https:\/\/www.ifun.de\/apple-gibt-deutliches-signal-mac-pro-update-steht-bevor-34911\/\"><img width=\"136\" height=\"149\" src=\"https:\/\/images.ifun.de\/wp-content\/uploads\/2013\/02\/design.png\" class=\"alignright tfe wp-post-image\" alt=\"\" decoding=\"async\" loading=\"lazy\" \/><\/a><p>Im vergangenen Sommer auf die Zukunft des Mac Pro angesprochen, \u00e4u\u00dferte sich Apple Chef Tim Cook am 12. Juni zuversichtlich, bereits 2013 ein &#8222;gro\u00dfartiges&#8220; Folgeprodukt pr\u00e4sentieren zu k\u00f6nnen. Der kurz nach seiner Ver\u00f6ffentlichung mit Skepsis betrachtete E-Mail-Zweizeiler wurde damals von Apples Pressestelle als authentisch best\u00e4tigt und am selben Tag verschickt, an dem das Mac-Modell mit [&hellip;]<\/p>\n","protected":false},"author":1,"featured_media":34913,"comment_status":"open","ping_status":"closed","sticky":false,"template":"","format":"standard","meta":{"_acf_changed":false,"footnotes":""},"categories":[16],"tags":[4736,3910,130,6321,1238,6322],"class_list":["post-34911","post","type-post","status-publish","format-standard","has-post-thumbnail","hentry","category-mac","tag-apple","tag-geruechte","tag-hardware","tag-mac","tag-mac-pro","tag-rumors"],"acf":[],"aioseo_notices":[],"rest_api_enabler":[],"_links":{"self":[{"href":"https:\/\/www.ifun.de\/apiv2\/wp\/v2\/posts\/34911","targetHints":{"allow":["GET"]}}],"collection":[{"href":"https:\/\/www.ifun.de\/apiv2\/wp\/v2\/posts"}],"about":[{"href":"https:\/\/www.ifun.de\/apiv2\/wp\/v2\/types\/post"}],"author":[{"embeddable":true,"href":"https:\/\/www.ifun.de\/apiv2\/wp\/v2\/users\/1"}],"replies":[{"embeddable":true,"href":"https:\/\/www.ifun.de\/apiv2\/wp\/v2\/comments?post=34911"}],"version-history":[{"count":3,"href":"https:\/\/www.ifun.de\/apiv2\/wp\/v2\/posts\/34911\/revisions"}],"predecessor-version":[{"id":34917,"href":"https:\/\/www.ifun.de\/apiv2\/wp\/v2\/posts\/34911\/revisions\/34917"}],"wp:featuredmedia":[{"embeddable":true,"href":"https:\/\/www.ifun.de\/apiv2\/wp\/v2\/media\/34913"}],"wp:attachment":[{"href":"https:\/\/www.ifun.de\/apiv2\/wp\/v2\/media?parent=34911"}],"wp:term":[{"taxonomy":"category","embeddable":true,"href":"https:\/\/www.ifun.de\/apiv2\/wp\/v2\/categories?post=34911"},{"taxonomy":"post_tag","embeddable":true,"href":"https:\/\/www.ifun.de\/apiv2\/wp\/v2\/tags?post=34911"}],"curies":[{"name":"wp","href":"https:\/\/api.w.org\/{rel}","templated":true}]}}