{"id":34823,"date":"2013-01-31T09:15:38","date_gmt":"2013-01-31T08:15:38","guid":{"rendered":"http:\/\/www.ifun.de\/?p=34823"},"modified":"2013-01-31T09:15:38","modified_gmt":"2013-01-31T08:15:38","slug":"macbook-ladezyklen-akku-laden-tipps","status":"publish","type":"post","link":"https:\/\/www.ifun.de\/macbook-ladezyklen-akku-laden-tipps-34823\/","title":{"rendered":"Firmware-Updates beugen Akku-Problem bei MacBooks vor"},"content":{"rendered":"<p>Falls ihr ein \u00e4lteres MacBook, MacBook Pro oder MacBook Air besitzt, k\u00f6nnt ihr mal eben Apples Softwareaktualisierung anwerfen. F\u00fcr einen Teil dieser Ger\u00e4te liegen Updates bereit, die einen Fehler im Zusammenhang mit der Ladefunktion der darin verbauten Akkus beheben. Direkt laden k\u00f6nnt ihr die Updates <a href=\"http:\/\/support.apple.com\/kb\/DL1625?viewlocale=de_DE\">hier f\u00fcr MacBook<\/a>, <a href=\"http:\/\/support.apple.com\/kb\/DL1626?viewlocale=de_DE\">hier f\u00fcr MacBook Pro<\/a> und <a href=\"http:\/\/support.apple.com\/kb\/DL1627?viewlocale=de_DE\">hier f\u00fcr MacBook Air<\/a>.<\/p>\n<p>In laut Apple \u00e4u\u00dferst seltenen F\u00e4llen k\u00f6nne es dazu kommen, dass die Notebooks den Betrieb einstellen, sobald der integrierte Akku die Zahl von 1000 Ladezyklen \u00fcberschritten hat. Ab diesem Wert gelten die Akkus bei Apple n\u00e4mlich als \u201everbraucht\u201c. Deaktiviert m\u00fcssen sie deswegen allerdings l\u00e4ngst nicht werden, sondern man kann sie gefahrlos weiter benutzen.<\/p>\n<p>Ein Ladezyklus ist \u00fcbrigens stets der komplette Verbrauch einer Batterieladung. Wenn ihr also euer Notebook frisch geladen nutzt und die H\u00e4lfte der Akkuleistung verbraucht, es danach wieder komplett aufladet um anschlie\u00dfend wieder die H\u00e4lfte aufzubrauchen, habt ihr nicht zwei, sondern lediglich einen Ladezyklus erreicht.<\/p>\n<h3>Anzahl der Ladezyklen selbst ermitteln<\/h3>\n<p>Apropos Ladezyklen. Ihr k\u00f6nnt die Anzahl der bereits vollzogenen Ladezyklen eures MacBook-Akkus ganz einfach auch selbst ermitteln. W\u00e4hlt hierzu im Apfel-Men\u00fc den Eintrag \u201e\u00dcber diesen Mac\u201c, klickt auf \u201eWeitere Informationen\u201c und schlie\u00dflich \u201eSystembericht\u201c. Unter dem Men\u00fcpunkt Stromversorgung erhaltet ihr die gew\u00fcnschten Infos.<\/p>\n<p><img loading=\"lazy\" decoding=\"async\" src=\"http:\/\/images.ifun.de\/wp-content\/uploads\/2013\/01\/ladezyklen.gif\" alt=\"\" title=\"ladezyklen\" width=\"464\" height=\"106\" class=\"alignnone size-full wp-image-34824\" srcset=\"https:\/\/images.ifun.de\/wp-content\/uploads\/2013\/01\/ladezyklen.gif 464w, https:\/\/images.ifun.de\/wp-content\/uploads\/2013\/01\/ladezyklen-300x68.gif 300w\" sizes=\"auto, (max-width: 464px) 100vw, 464px\" \/><\/p>\n","protected":false},"excerpt":{"rendered":"<a href=\"https:\/\/www.ifun.de\/macbook-ladezyklen-akku-laden-tipps-34823\/\"><img width=\"150\" height=\"34\" src=\"https:\/\/images.ifun.de\/wp-content\/uploads\/2013\/01\/ladezyklen.gif\" class=\"alignright tfe wp-post-image\" alt=\"\" decoding=\"async\" loading=\"lazy\" srcset=\"https:\/\/images.ifun.de\/wp-content\/uploads\/2013\/01\/ladezyklen.gif 464w, https:\/\/images.ifun.de\/wp-content\/uploads\/2013\/01\/ladezyklen-300x68.gif 300w\" sizes=\"auto, (max-width: 150px) 100vw, 150px\" \/><\/a><p>Falls ihr ein \u00e4lteres MacBook, MacBook Pro oder MacBook Air besitzt, k\u00f6nnt ihr mal eben Apples Softwareaktualisierung anwerfen. F\u00fcr einen Teil dieser Ger\u00e4te liegen Updates bereit, die einen Fehler im Zusammenhang mit der Ladefunktion der darin verbauten Akkus beheben. Direkt laden k\u00f6nnt ihr die Updates hier f\u00fcr MacBook, hier f\u00fcr MacBook Pro und hier f\u00fcr [&hellip;]<\/p>\n","protected":false},"author":2,"featured_media":34824,"comment_status":"open","ping_status":"closed","sticky":false,"template":"","format":"standard","meta":{"_acf_changed":false,"footnotes":""},"categories":[16],"tags":[137,37,1690,144,317,69],"class_list":["post-34823","post","type-post","status-publish","format-standard","has-post-thumbnail","hentry","category-mac","tag-akku","tag-hilfe","tag-ladezyklus","tag-macbook","tag-tipps","tag-update"],"acf":[],"aioseo_notices":[],"rest_api_enabler":[],"_links":{"self":[{"href":"https:\/\/www.ifun.de\/apiv2\/wp\/v2\/posts\/34823","targetHints":{"allow":["GET"]}}],"collection":[{"href":"https:\/\/www.ifun.de\/apiv2\/wp\/v2\/posts"}],"about":[{"href":"https:\/\/www.ifun.de\/apiv2\/wp\/v2\/types\/post"}],"author":[{"embeddable":true,"href":"https:\/\/www.ifun.de\/apiv2\/wp\/v2\/users\/2"}],"replies":[{"embeddable":true,"href":"https:\/\/www.ifun.de\/apiv2\/wp\/v2\/comments?post=34823"}],"version-history":[{"count":9,"href":"https:\/\/www.ifun.de\/apiv2\/wp\/v2\/posts\/34823\/revisions"}],"predecessor-version":[{"id":34853,"href":"https:\/\/www.ifun.de\/apiv2\/wp\/v2\/posts\/34823\/revisions\/34853"}],"wp:featuredmedia":[{"embeddable":true,"href":"https:\/\/www.ifun.de\/apiv2\/wp\/v2\/media\/34824"}],"wp:attachment":[{"href":"https:\/\/www.ifun.de\/apiv2\/wp\/v2\/media?parent=34823"}],"wp:term":[{"taxonomy":"category","embeddable":true,"href":"https:\/\/www.ifun.de\/apiv2\/wp\/v2\/categories?post=34823"},{"taxonomy":"post_tag","embeddable":true,"href":"https:\/\/www.ifun.de\/apiv2\/wp\/v2\/tags?post=34823"}],"curies":[{"name":"wp","href":"https:\/\/api.w.org\/{rel}","templated":true}]}}