{"id":34548,"date":"2013-01-28T16:41:37","date_gmt":"2013-01-28T15:41:37","guid":{"rendered":"http:\/\/www.ifun.de\/?p=34548"},"modified":"2013-01-28T16:44:08","modified_gmt":"2013-01-28T15:44:08","slug":"ipad-4-mit-128-gb-speicher-in-den-startlochern-preise-aufgetaucht-angeblich-ab-799-dollar","status":"publish","type":"post","link":"https:\/\/www.ifun.de\/ipad-4-mit-128-gb-speicher-in-den-startlochern-preise-aufgetaucht-angeblich-ab-799-dollar-34548\/","title":{"rendered":"iPad 4 mit 128 GB Speicher in den Startl\u00f6chern? Preise aufgetaucht, angeblich ab 799 Dollar"},"content":{"rendered":"<p>Zun\u00e4chst wirkten die in der letzten Vorabversion von iOS 6.1 aufgetauchten <a href=\"http:\/\/www.iphone-ticker.de\/iphone-5-storage-128gb-im-nachsten-modell-das-erste-feature-steht-fest-43091\/\">Hinweise auf ein Ger\u00e4t mit 128 GB Speicher<\/a> wie ein fr\u00fcher Vorbote der f\u00fcr Herbst erwarteten neuen Ger\u00e4tegenerationen. Nun allerdings scheint es, als plane Apple die eher kurzfristige Einf\u00fchrung einer weiteren Variante des iPad 4 mit 128 GB Speicher an Bord.<\/p>\n<p>Die US-Webseite <a href=\"http:\/\/9to5mac.com\/2013\/01\/27\/apple-ready-to-release-additional-ipad-model-likely-128gb-version\/#more-259771\">9to5Mac<\/a> pr\u00e4sentiert entsprechende Hinweise aus angeblich zuverl\u00e4ssigen Handelsquellen. Nicht nur die internen Bestellnummern, sondern auch die voraussichtlichen Ger\u00e4tepreise sind bereits im Umlauf. Die sogenannte Ultimate-Variante soll mit jeweils 100 Dollar bzw. Euro Aufschlag auf das bisherige Top-Modell dann 799 Euro (WiFi) bzw. 929 Euro (WiFi + Cellular) kosten.<\/p>\n<p><img loading=\"lazy\" decoding=\"async\" src=\"http:\/\/images.ifun.de\/wp-content\/uploads\/2013\/01\/ipad-ultimate.jpg\" alt=\"\" title=\"ipad-ultimate\" width=\"464\" height=\"117\" class=\"alignnone size-full wp-image-34550\" srcset=\"https:\/\/images.ifun.de\/wp-content\/uploads\/2013\/01\/ipad-ultimate.jpg 464w, https:\/\/images.ifun.de\/wp-content\/uploads\/2013\/01\/ipad-ultimate-300x75.jpg 300w\" sizes=\"auto, (max-width: 464px) 100vw, 464px\" \/><\/p>\n<p>Dies bedeutet allerdings nicht zwangsl\u00e4ufig, dass Apple das zus\u00e4tzliche Modell in K\u00fcrze tats\u00e4chlich auch alle Interessenten anbietet. Auch in der Vergangenheit gab es bereits Apple-Ger\u00e4te, die beispielsweise ausschlie\u00dflich f\u00fcr den Bildungsbetrieb oder f\u00fcr Regierungseinrichtungen angeboten werden. Sp\u00e4testens im Herbst d\u00fcrfte die 128-GB-Klasse mit der Einf\u00fchrung neuer iPads, iPods und iPhones dann aber definitiv auch f\u00fcr den Endkunden erh\u00e4ltlich sein.<\/p>\n","protected":false},"excerpt":{"rendered":"<a href=\"https:\/\/www.ifun.de\/ipad-4-mit-128-gb-speicher-in-den-startlochern-preise-aufgetaucht-angeblich-ab-799-dollar-34548\/\"><img width=\"150\" height=\"38\" src=\"https:\/\/images.ifun.de\/wp-content\/uploads\/2013\/01\/ipad-ultimate.jpg\" class=\"alignright tfe wp-post-image\" alt=\"\" decoding=\"async\" loading=\"lazy\" srcset=\"https:\/\/images.ifun.de\/wp-content\/uploads\/2013\/01\/ipad-ultimate.jpg 464w, https:\/\/images.ifun.de\/wp-content\/uploads\/2013\/01\/ipad-ultimate-300x75.jpg 300w\" sizes=\"auto, (max-width: 150px) 100vw, 150px\" \/><\/a><p>Zun\u00e4chst wirkten die in der letzten Vorabversion von iOS 6.1 aufgetauchten Hinweise auf ein Ger\u00e4t mit 128 GB Speicher wie ein fr\u00fcher Vorbote der f\u00fcr Herbst erwarteten neuen Ger\u00e4tegenerationen. Nun allerdings scheint es, als plane Apple die eher kurzfristige Einf\u00fchrung einer weiteren Variante des iPad 4 mit 128 GB Speicher an Bord. Die US-Webseite 9to5Mac [&hellip;]<\/p>\n","protected":false},"author":2,"featured_media":34550,"comment_status":"open","ping_status":"closed","sticky":false,"template":"","format":"standard","meta":{"_acf_changed":false,"footnotes":""},"categories":[10],"tags":[3910,4740,6322],"class_list":["post-34548","post","type-post","status-publish","format-standard","has-post-thumbnail","hentry","category-ipad","tag-geruechte","tag-ipad","tag-rumors"],"acf":[],"aioseo_notices":[],"rest_api_enabler":[],"_links":{"self":[{"href":"https:\/\/www.ifun.de\/apiv2\/wp\/v2\/posts\/34548","targetHints":{"allow":["GET"]}}],"collection":[{"href":"https:\/\/www.ifun.de\/apiv2\/wp\/v2\/posts"}],"about":[{"href":"https:\/\/www.ifun.de\/apiv2\/wp\/v2\/types\/post"}],"author":[{"embeddable":true,"href":"https:\/\/www.ifun.de\/apiv2\/wp\/v2\/users\/2"}],"replies":[{"embeddable":true,"href":"https:\/\/www.ifun.de\/apiv2\/wp\/v2\/comments?post=34548"}],"version-history":[{"count":7,"href":"https:\/\/www.ifun.de\/apiv2\/wp\/v2\/posts\/34548\/revisions"}],"predecessor-version":[{"id":34558,"href":"https:\/\/www.ifun.de\/apiv2\/wp\/v2\/posts\/34548\/revisions\/34558"}],"wp:featuredmedia":[{"embeddable":true,"href":"https:\/\/www.ifun.de\/apiv2\/wp\/v2\/media\/34550"}],"wp:attachment":[{"href":"https:\/\/www.ifun.de\/apiv2\/wp\/v2\/media?parent=34548"}],"wp:term":[{"taxonomy":"category","embeddable":true,"href":"https:\/\/www.ifun.de\/apiv2\/wp\/v2\/categories?post=34548"},{"taxonomy":"post_tag","embeddable":true,"href":"https:\/\/www.ifun.de\/apiv2\/wp\/v2\/tags?post=34548"}],"curies":[{"name":"wp","href":"https:\/\/api.w.org\/{rel}","templated":true}]}}