{"id":34493,"date":"2013-01-28T10:46:36","date_gmt":"2013-01-28T09:46:36","guid":{"rendered":"http:\/\/www.ifun.de\/?p=34493"},"modified":"2013-01-29T03:01:24","modified_gmt":"2013-01-29T02:01:24","slug":"3-jahre-ipad-und-andere-geburtstage-die-prasentationen-von-ipad-iphone-und-dem-ersten-mac-im-video","status":"publish","type":"post","link":"https:\/\/www.ifun.de\/3-jahre-ipad-und-andere-geburtstage-die-prasentationen-von-ipad-iphone-und-dem-ersten-mac-im-video-34493\/","title":{"rendered":"3 Jahre iPad und andere Geburtstage: Die Pr\u00e4sentationen von iPad, iPhone und dem ersten Mac im Video"},"content":{"rendered":"<p>Mit Blick auf Apple ist der Januar ein geschichtstr\u00e4chtiger Monat. Nicht nur das <a href=\"http:\/\/www.iphone-ticker.de\/wir-erfinden-das-telefon-neu-6-jahre-iphone-video-42430\/\">erste iPhone<\/a>, auch der Original-Macintosh und das iPad wurden im ersten Monat des Jahres vorgestellt. An die iPad-Pr\u00e4sentation vor drei Jahren werden sich viele von euch noch erinnern, am 27. Januar 2010 l\u00e4utete der ehemalige Apple-Chef Steve Jobs ein neues Kapitel in der Geschichte der Tablet-Computer ein. 26 Jahre fr\u00fcher war es ebenso Steve Jobs, der mit einem breiten Grinsen den ersten Macintosh-Computer enth\u00fcllte.<\/p>\n<p><img loading=\"lazy\" decoding=\"async\" src=\"http:\/\/images.ifun.de\/wp-content\/uploads\/2013\/01\/lego-mac.jpg\" alt=\"\" title=\"lego-mac\" width=\"464\" height=\"287\" class=\"alignnone size-full wp-image-34494\" srcset=\"https:\/\/images.ifun.de\/wp-content\/uploads\/2013\/01\/lego-mac.jpg 464w, https:\/\/images.ifun.de\/wp-content\/uploads\/2013\/01\/lego-mac-300x185.jpg 300w\" sizes=\"auto, (max-width: 464px) 100vw, 464px\" \/><\/p>\n<p>Apple-Pr\u00e4sentationen sind immer wieder nett anzusehen, aus diesem Grund haben wir euch alle drei Videoaufzeichnungen unten noch einmal eingebettet.<\/p>\n<p>Das Bild oben zeigt den ersten Macintosh aus LEGO-Steinen nachgebaut. Flickr-Nutzer \u201e<a href=\"http:\/\/www.flickr.com\/photos\/powerpig\/8412086698\/\">Powerpig<\/a>\u201c will die zugeh\u00f6rige Bauanleitung in den n\u00e4chsten Wochen nachliefern. (Danke Mick)<\/p>\n<p><!--more--><\/p>\n<p><div class=\"responsive-video\"><iframe loading=\"lazy\" width=\"464\" height=\"261\" src=\"http:\/\/www.youtube-nocookie.com\/embed\/OBhYxj2SvRI\" frameborder=\"0\" allowfullscreen><\/iframe><\/div><br \/>\n(<a href=\"http:\/\/youtu.be\/OBhYxj2SvRI\">Direktlink zum Video<\/a>)<\/p>\n<p><div class=\"responsive-video\"><iframe loading=\"lazy\" width=\"464\" height=\"348\" src=\"http:\/\/www.youtube-nocookie.com\/embed\/7Jn7d58Rj7Y\" frameborder=\"0\" allowfullscreen><\/iframe><\/div><br \/>\n(<a href=\"http:\/\/www.youtube.com\/watch?v=7Jn7d58Rj7Y\">Direktlink zum Video<\/a>)<\/p>\n<p><div class=\"responsive-video\"><iframe loading=\"lazy\" width=\"464\" height=\"264\" src=\"http:\/\/www.youtube-nocookie.com\/embed\/zYZBl2FEuEM\" frameborder=\"0\" allowfullscreen><\/iframe><\/div><br \/>\n(<a href=\"http:\/\/youtu.be\/zYZBl2FEuEM\">Direktlink zum Video<\/a>)<\/p>\n","protected":false},"excerpt":{"rendered":"<a href=\"https:\/\/www.ifun.de\/3-jahre-ipad-und-andere-geburtstage-die-prasentationen-von-ipad-iphone-und-dem-ersten-mac-im-video-34493\/\"><img width=\"150\" height=\"93\" src=\"https:\/\/images.ifun.de\/wp-content\/uploads\/2013\/01\/lego-mac.jpg\" class=\"alignright tfe wp-post-image\" alt=\"\" decoding=\"async\" loading=\"lazy\" srcset=\"https:\/\/images.ifun.de\/wp-content\/uploads\/2013\/01\/lego-mac.jpg 464w, https:\/\/images.ifun.de\/wp-content\/uploads\/2013\/01\/lego-mac-300x185.jpg 300w\" sizes=\"auto, (max-width: 150px) 100vw, 150px\" \/><\/a><p>Die Pr\u00e4sentationen von iPhone, iPad und dem ersten Mac im Video<\/p>\n","protected":false},"author":2,"featured_media":34494,"comment_status":"open","ping_status":"closed","sticky":false,"template":"","format":"standard","meta":{"_acf_changed":false,"footnotes":""},"categories":[7,20],"tags":[4740,4741,6321,67,31],"class_list":["post-34493","post","type-post","status-publish","format-standard","has-post-thumbnail","hentry","category-featured","category-videos","tag-ipad","tag-iphone","tag-mac","tag-steve-jobs","tag-video"],"acf":[],"aioseo_notices":[],"featured_image":["http:\/\/images.ifun.de\/wp-content\/uploads\/2013\/01\/mac.png"],"rest_api_enabler":{"featured_image":"http:\/\/images.ifun.de\/wp-content\/uploads\/2013\/01\/mac.png"},"_links":{"self":[{"href":"https:\/\/www.ifun.de\/apiv2\/wp\/v2\/posts\/34493","targetHints":{"allow":["GET"]}}],"collection":[{"href":"https:\/\/www.ifun.de\/apiv2\/wp\/v2\/posts"}],"about":[{"href":"https:\/\/www.ifun.de\/apiv2\/wp\/v2\/types\/post"}],"author":[{"embeddable":true,"href":"https:\/\/www.ifun.de\/apiv2\/wp\/v2\/users\/2"}],"replies":[{"embeddable":true,"href":"https:\/\/www.ifun.de\/apiv2\/wp\/v2\/comments?post=34493"}],"version-history":[{"count":10,"href":"https:\/\/www.ifun.de\/apiv2\/wp\/v2\/posts\/34493\/revisions"}],"predecessor-version":[{"id":34672,"href":"https:\/\/www.ifun.de\/apiv2\/wp\/v2\/posts\/34493\/revisions\/34672"}],"wp:featuredmedia":[{"embeddable":true,"href":"https:\/\/www.ifun.de\/apiv2\/wp\/v2\/media\/34494"}],"wp:attachment":[{"href":"https:\/\/www.ifun.de\/apiv2\/wp\/v2\/media?parent=34493"}],"wp:term":[{"taxonomy":"category","embeddable":true,"href":"https:\/\/www.ifun.de\/apiv2\/wp\/v2\/categories?post=34493"},{"taxonomy":"post_tag","embeddable":true,"href":"https:\/\/www.ifun.de\/apiv2\/wp\/v2\/tags?post=34493"}],"curies":[{"name":"wp","href":"https:\/\/api.w.org\/{rel}","templated":true}]}}