{"id":33999,"date":"2013-01-14T18:07:24","date_gmt":"2013-01-14T17:07:24","guid":{"rendered":"http:\/\/www.ifun.de\/?p=33999"},"modified":"2013-01-14T18:08:23","modified_gmt":"2013-01-14T17:08:23","slug":"vw-prasentiert-neues-suv-mit-ipad-mini-in-den-kopfstutzen","status":"publish","type":"post","link":"https:\/\/www.ifun.de\/vw-prasentiert-neues-suv-mit-ipad-mini-in-den-kopfstutzen-33999\/","title":{"rendered":"VW pr\u00e4sentiert neues SUV mit iPad mini in den Kopfst\u00fctzen"},"content":{"rendered":"<p>Mit Blick auf den US-Markt hat VW in Detroit den CrossBlue vorgestellt. Das SUV mit Diesel-Hybrid l\u00e4uft zwar noch als Konzeptfahrzeug, soll aber kurz vor der Serienreife stehen.<br \/>\nInteressant f\u00fcr uns sind so bislang noch bei keinem Autohersteller gesehenen (oder t\u00e4uschen wir uns?) iPad-mini-Halterungen in den Kopfst\u00fctzen der Vordersitze. Statt eine <a href=\"http:\/\/www.ifun.de\/vogels-ipad-halterung-wand-auto-15763\/\">separate Halterung<\/a> zu montieren, k\u00f6nnen die kleinen iPads hier in eine ab Werk montierte, verstellbare Kunststoffschale gepresst werden &#8211; quasi als pers\u00f6nliches Entertainment-System f\u00fcr lange Autofahrten.<\/p>\n<p><img loading=\"lazy\" decoding=\"async\" src=\"http:\/\/images.ifun.de\/wp-content\/uploads\/2013\/01\/vw-crossblue.jpg\" alt=\"\" title=\"vw-crossblue\" width=\"464\" height=\"295\" class=\"alignnone size-full wp-image-34000\" srcset=\"https:\/\/images.ifun.de\/wp-content\/uploads\/2013\/01\/vw-crossblue.jpg 464w, https:\/\/images.ifun.de\/wp-content\/uploads\/2013\/01\/vw-crossblue-300x190.jpg 300w\" sizes=\"auto, (max-width: 464px) 100vw, 464px\" \/><\/p>\n<p>Mal sehen wann VW die Serienreife des CrossBlue bekannt gibt und in welcher Form sich die iPad-Implementierung dann pr\u00e4sentiert. (via <a href=\"http:\/\/www.engadget.com\/2013\/01\/14\/vw-crossblue-ipad-mini\/\">Engadget<\/a>)<\/p>\n","protected":false},"excerpt":{"rendered":"<a href=\"https:\/\/www.ifun.de\/vw-prasentiert-neues-suv-mit-ipad-mini-in-den-kopfstutzen-33999\/\"><img width=\"150\" height=\"95\" src=\"https:\/\/images.ifun.de\/wp-content\/uploads\/2013\/01\/vw-crossblue.jpg\" class=\"alignright tfe wp-post-image\" alt=\"\" decoding=\"async\" loading=\"lazy\" srcset=\"https:\/\/images.ifun.de\/wp-content\/uploads\/2013\/01\/vw-crossblue.jpg 464w, https:\/\/images.ifun.de\/wp-content\/uploads\/2013\/01\/vw-crossblue-300x190.jpg 300w\" sizes=\"auto, (max-width: 150px) 100vw, 150px\" \/><\/a><p>Mit Blick auf den US-Markt hat VW in Detroit den CrossBlue vorgestellt. Das SUV mit Diesel-Hybrid l\u00e4uft zwar noch als Konzeptfahrzeug, soll aber kurz vor der Serienreife stehen. Interessant f\u00fcr uns sind so bislang noch bei keinem Autohersteller gesehenen (oder t\u00e4uschen wir uns?) iPad-mini-Halterungen in den Kopfst\u00fctzen der Vordersitze. Statt eine separate Halterung zu montieren, [&hellip;]<\/p>\n","protected":false},"author":2,"featured_media":34000,"comment_status":"open","ping_status":"closed","sticky":false,"template":"","format":"standard","meta":{"_acf_changed":false,"footnotes":""},"categories":[10],"tags":[78,1335,306],"class_list":["post-33999","post","type-post","status-publish","format-standard","has-post-thumbnail","hentry","category-ipad","tag-auto","tag-ipad-mini","tag-vw"],"acf":[],"aioseo_notices":[],"rest_api_enabler":[],"_links":{"self":[{"href":"https:\/\/www.ifun.de\/apiv2\/wp\/v2\/posts\/33999","targetHints":{"allow":["GET"]}}],"collection":[{"href":"https:\/\/www.ifun.de\/apiv2\/wp\/v2\/posts"}],"about":[{"href":"https:\/\/www.ifun.de\/apiv2\/wp\/v2\/types\/post"}],"author":[{"embeddable":true,"href":"https:\/\/www.ifun.de\/apiv2\/wp\/v2\/users\/2"}],"replies":[{"embeddable":true,"href":"https:\/\/www.ifun.de\/apiv2\/wp\/v2\/comments?post=33999"}],"version-history":[{"count":3,"href":"https:\/\/www.ifun.de\/apiv2\/wp\/v2\/posts\/33999\/revisions"}],"predecessor-version":[{"id":34003,"href":"https:\/\/www.ifun.de\/apiv2\/wp\/v2\/posts\/33999\/revisions\/34003"}],"wp:featuredmedia":[{"embeddable":true,"href":"https:\/\/www.ifun.de\/apiv2\/wp\/v2\/media\/34000"}],"wp:attachment":[{"href":"https:\/\/www.ifun.de\/apiv2\/wp\/v2\/media?parent=33999"}],"wp:term":[{"taxonomy":"category","embeddable":true,"href":"https:\/\/www.ifun.de\/apiv2\/wp\/v2\/categories?post=33999"},{"taxonomy":"post_tag","embeddable":true,"href":"https:\/\/www.ifun.de\/apiv2\/wp\/v2\/tags?post=33999"}],"curies":[{"name":"wp","href":"https:\/\/api.w.org\/{rel}","templated":true}]}}