{"id":33122,"date":"2012-12-18T17:01:52","date_gmt":"2012-12-18T16:01:52","guid":{"rendered":"http:\/\/www.ifun.de\/?p=33122"},"modified":"2012-12-18T17:04:06","modified_gmt":"2012-12-18T16:04:06","slug":"datenschutz-schleswig-holstein-tritt-facebook-in-den-allerwertesten","status":"publish","type":"post","link":"https:\/\/www.ifun.de\/datenschutz-schleswig-holstein-tritt-facebook-in-den-allerwertesten-33122\/","title":{"rendered":"Datenschutz: Schleswig-Holsteinische Datensch\u00fctzer gehen gegen Klarnamenpflicht bei Facebook vor"},"content":{"rendered":"<p>Mit Spannung blicken wir ans n\u00f6rdliche Ende der Republik. Das unabh\u00e4ngige Landeszentrum f\u00fcr Datenschutz Schleswig-Holstein pocht gegen\u00fcber Facebook auf Einhaltung des deutschen Telemediengesetz. Konkret habe Facebook die Verwendung von Pseudonymen zuzulassen, das US-Unternehmen verlangt von seinen Nutzer hingegen die Ver\u00f6ffentlichung des Realnamens.<\/p>\n<p>Facebook sieht sich mit Sitz seiner Tochter in Irland dem irischen bzw. europ\u00e4ischen Recht verpflichtet. Laut den schleswig-holsteinischen Datensch\u00fctzern steht das deutsche Telemediengesetz damit jedoch in Einklang und l\u00e4sst sich somit auch auf das Internetangebot von Facebook anwenden.<\/p>\n<blockquote><p>Es ist nicht hinnehmbar, dass ein US-Portal wie Facebook unbeanstandet und ohne Aussicht auf ein Ende gegen deutsches Datenschutzrecht verst\u00f6\u00dft. Ziel der Verf\u00fcgungen des ULD ist es, endlich eine rechtliche Kl\u00e4rung herbeizuf\u00fchren, wer bei Facebook verantwortlich ist und woran dieses Unternehmen gebunden ist.<\/p><\/blockquote>\n<p>Weitere Infos zu der Angelegenheit findet ihr in der zugeh\u00f6rigen <a href=\"https:\/\/www.datenschutzzentrum.de\/presse\/20121217-facebook-klarnamen.htm\">Pressemitteilung<\/a>. Wir halten euch \u00fcber die Entwicklung in dieser Sache auf dem Laufenden.<\/p>\n","protected":false},"excerpt":{"rendered":"<p>Mit Spannung blicken wir ans n\u00f6rdliche Ende der Republik. Das unabh\u00e4ngige Landeszentrum f\u00fcr Datenschutz Schleswig-Holstein pocht gegen\u00fcber Facebook auf Einhaltung des deutschen Telemediengesetz. Konkret habe Facebook die Verwendung von Pseudonymen zuzulassen, das US-Unternehmen verlangt von seinen Nutzer hingegen die Ver\u00f6ffentlichung des Realnamens. Facebook sieht sich mit Sitz seiner Tochter in Irland dem irischen bzw. europ\u00e4ischen [&hellip;]<\/p>\n","protected":false},"author":2,"featured_media":0,"comment_status":"open","ping_status":"closed","sticky":false,"template":"","format":"standard","meta":{"_acf_changed":false,"footnotes":""},"categories":[1],"tags":[990,234,118,553],"class_list":["post-33122","post","type-post","status-publish","format-standard","hentry","category-news","tag-datenschutz","tag-facebook","tag-internet","tag-recht"],"acf":[],"aioseo_notices":[],"rest_api_enabler":[],"_links":{"self":[{"href":"https:\/\/www.ifun.de\/apiv2\/wp\/v2\/posts\/33122","targetHints":{"allow":["GET"]}}],"collection":[{"href":"https:\/\/www.ifun.de\/apiv2\/wp\/v2\/posts"}],"about":[{"href":"https:\/\/www.ifun.de\/apiv2\/wp\/v2\/types\/post"}],"author":[{"embeddable":true,"href":"https:\/\/www.ifun.de\/apiv2\/wp\/v2\/users\/2"}],"replies":[{"embeddable":true,"href":"https:\/\/www.ifun.de\/apiv2\/wp\/v2\/comments?post=33122"}],"version-history":[{"count":5,"href":"https:\/\/www.ifun.de\/apiv2\/wp\/v2\/posts\/33122\/revisions"}],"predecessor-version":[{"id":33126,"href":"https:\/\/www.ifun.de\/apiv2\/wp\/v2\/posts\/33122\/revisions\/33126"}],"wp:attachment":[{"href":"https:\/\/www.ifun.de\/apiv2\/wp\/v2\/media?parent=33122"}],"wp:term":[{"taxonomy":"category","embeddable":true,"href":"https:\/\/www.ifun.de\/apiv2\/wp\/v2\/categories?post=33122"},{"taxonomy":"post_tag","embeddable":true,"href":"https:\/\/www.ifun.de\/apiv2\/wp\/v2\/tags?post=33122"}],"curies":[{"name":"wp","href":"https:\/\/api.w.org\/{rel}","templated":true}]}}