{"id":32539,"date":"2012-12-03T15:57:12","date_gmt":"2012-12-03T14:57:12","guid":{"rendered":"http:\/\/www.ifun.de\/?p=32539"},"modified":"2012-12-03T15:57:12","modified_gmt":"2012-12-03T14:57:12","slug":"the-daily-aus-fur-rupert-murdochs-ipad-tageszeitung","status":"publish","type":"post","link":"https:\/\/www.ifun.de\/the-daily-aus-fur-rupert-murdochs-ipad-tageszeitung-32539\/","title":{"rendered":"The Daily: Aus f\u00fcr Rupert Murdochs &#8222;iPad-Tageszeitung&#8220;"},"content":{"rendered":"<p>Zeitungssterben digital. Nicht nur die klassischen Tageszeitungen, auch die digitalen Informationsangebote haben derzeit hart zu k\u00e4mpfen. Mit dem iPad-Magazin <a href=\"http:\/\/ifun.de\/applestore\/http:\/\/store.apple.com\/de\/go\/home\">The Daily<\/a> steht nun einer der bekanntesten Vertreter der Zunft vor dem Aus. Zum 15. Dezember soll das im Januar 2011 gestartete Vorzeigeprojekt nun eingestellt werden.<\/p>\n<p><img loading=\"lazy\" decoding=\"async\" src=\"http:\/\/images.ifun.de\/wp-content\/uploads\/2011\/02\/daily_screens.jpg\" alt=\"\" title=\"daily_screens\" width=\"464\" height=\"202\" class=\"alignnone size-full wp-image-9153\" srcset=\"https:\/\/images.ifun.de\/wp-content\/uploads\/2011\/02\/daily_screens.jpg 464w, https:\/\/images.ifun.de\/wp-content\/uploads\/2011\/02\/daily_screens-300x130.jpg 300w\" sizes=\"auto, (max-width: 464px) 100vw, 464px\" \/><\/p>\n<p>Bei seiner Pr\u00e4sentation durch den Medienunternehmer Rupert Murdoch und Apples Eddie Cue sorgte das Nachrichtenmagazin f\u00fcr Furore. Allein die Tatsache, dass sich der Medienriese News Corporation dazu entschlossen hatte, ein ausschlie\u00dflich f\u00fcr das iPad produziertes, t\u00e4glich erscheinendes Nachrichtenmagazin aus dem Boden zu stampfen, war bemerkenswert. Dar\u00fcber hinaus schlug Apple gemeinsam mit der News Corporation aus einen neuen Weg in Richtung der uns heute bekannten digitalen Zeitungsabos \u00fcber iTunes ein.<\/p>\n<p>Murdoch <a href=\"http:\/\/www.newscorp.com\/news\/news_549.html\">bezeichnet<\/a> den \u201eDaily\u201c heute als gewagtes Experiment, das aufgrund mangelnder Leserzahlen leider gescheitert ist. Bei der Pr\u00e4sentation vor knapp zwei Jahren klang dies noch ganz anders, <a href=\"http:\/\/so.ca\/post\/3068566457\/the-daily-will-be-the-model-for-how-stories-are-told\">damals<\/a> wollte der Verleger mit dem \u201eDaily\u201c aufzeigen, wie die Zukunft der Branche zu gestalten sei.<\/p>\n","protected":false},"excerpt":{"rendered":"<a href=\"https:\/\/www.ifun.de\/the-daily-aus-fur-rupert-murdochs-ipad-tageszeitung-32539\/\"><img decoding=\"async\" width=\"150\" src=\"http:\/\/images.ifun.de\/wp-content\/uploads\/2011\/02\/daily_screens.jpg\" class=\"alignright wp-post-image tfe\" alt=\"\" title=\"daily_screens\" \/><\/a><p>Zeitungssterben digital. Nicht nur die klassischen Tageszeitungen, auch die digitalen Informationsangebote haben derzeit hart zu k\u00e4mpfen. Mit dem iPad-Magazin The Daily steht nun einer der bekanntesten Vertreter der Zunft vor dem Aus. Zum 15. Dezember soll das im Januar 2011 gestartete Vorzeigeprojekt nun eingestellt werden. Bei seiner Pr\u00e4sentation durch den Medienunternehmer Rupert Murdoch und Apples [&hellip;]<\/p>\n","protected":false},"author":2,"featured_media":0,"comment_status":"open","ping_status":"closed","sticky":false,"template":"","format":"standard","meta":{"_acf_changed":false,"footnotes":""},"categories":[10],"tags":[1590,4740,491],"class_list":["post-32539","post","type-post","status-publish","format-standard","hentry","category-ipad","tag-daily","tag-ipad","tag-magazin"],"acf":[],"aioseo_notices":[],"rest_api_enabler":[],"_links":{"self":[{"href":"https:\/\/www.ifun.de\/apiv2\/wp\/v2\/posts\/32539","targetHints":{"allow":["GET"]}}],"collection":[{"href":"https:\/\/www.ifun.de\/apiv2\/wp\/v2\/posts"}],"about":[{"href":"https:\/\/www.ifun.de\/apiv2\/wp\/v2\/types\/post"}],"author":[{"embeddable":true,"href":"https:\/\/www.ifun.de\/apiv2\/wp\/v2\/users\/2"}],"replies":[{"embeddable":true,"href":"https:\/\/www.ifun.de\/apiv2\/wp\/v2\/comments?post=32539"}],"version-history":[{"count":4,"href":"https:\/\/www.ifun.de\/apiv2\/wp\/v2\/posts\/32539\/revisions"}],"predecessor-version":[{"id":32543,"href":"https:\/\/www.ifun.de\/apiv2\/wp\/v2\/posts\/32539\/revisions\/32543"}],"wp:attachment":[{"href":"https:\/\/www.ifun.de\/apiv2\/wp\/v2\/media?parent=32539"}],"wp:term":[{"taxonomy":"category","embeddable":true,"href":"https:\/\/www.ifun.de\/apiv2\/wp\/v2\/categories?post=32539"},{"taxonomy":"post_tag","embeddable":true,"href":"https:\/\/www.ifun.de\/apiv2\/wp\/v2\/tags?post=32539"}],"curies":[{"name":"wp","href":"https:\/\/api.w.org\/{rel}","templated":true}]}}