{"id":32353,"date":"2012-11-29T16:19:39","date_gmt":"2012-11-29T15:19:39","guid":{"rendered":"http:\/\/www.ifun.de\/?p=32353"},"modified":"2012-11-29T16:19:39","modified_gmt":"2012-11-29T15:19:39","slug":"mac-mini-hdmi-bildschirm-flackert","status":"publish","type":"post","link":"https:\/\/www.ifun.de\/mac-mini-hdmi-bildschirm-flackert-32353\/","title":{"rendered":"Mac mini: Baldiges Update soll Bildaussetzer bei HDMI-Bildschirmen beheben"},"content":{"rendered":"<p>Besitzer eines Mac mini der aktuellen Generation <a href=\"https:\/\/discussions.apple.com\/thread\/4472316\">berichten<\/a> teils \u00fcber Probleme mit \u00fcber HDMI angeschlossenen Bildschirmen. In unregelm\u00e4\u00dfigen Abst\u00e4nden f\u00e4llt das Bild offenbar f\u00fcr kurze Zeit (weniger als eine Sekunde) aus. \u00dcber Thunderbolt bzw. den Mini-DisplayPort angeschlossene Monitore sind wohl nicht betroffen.<\/p>\n<p><img loading=\"lazy\" decoding=\"async\" src=\"http:\/\/images.ifun.de\/wp-content\/uploads\/2012\/11\/mac-mini.jpg\" alt=\"\" title=\"mac-mini\" width=\"464\" height=\"90\" class=\"alignnone size-full wp-image-32354\" srcset=\"https:\/\/images.ifun.de\/wp-content\/uploads\/2012\/11\/mac-mini.jpg 464w, https:\/\/images.ifun.de\/wp-content\/uploads\/2012\/11\/mac-mini-300x58.jpg 300w\" sizes=\"auto, (max-width: 464px) 100vw, 464px\" \/><\/p>\n<p>Verantwortlich f\u00fcr diese St\u00f6rungen scheint ein Treiber f\u00fcr den im Mac mini verbauten Intel Grafikchip zu sein. Intel ist sich dessen bewusst und arbeitet laut einem <a href=\"http:\/\/communities.intel.com\/message\/173626\">Post im Intel-Supportforum<\/a> an der Fehlerbehebung. Sobald die L\u00f6sung gefunden ist, werde Apple das Problem durch ein Softwareupdate beheben. (via <a href=\"http:\/\/www.macrumors.com\/2012\/11\/28\/intel-reports-fix-coming-for-flickering-on-monitors-connected-to-2012-mac-mini-via-hdmi\/\">Mac Rumors<\/a>)<\/p>\n","protected":false},"excerpt":{"rendered":"<a href=\"https:\/\/www.ifun.de\/mac-mini-hdmi-bildschirm-flackert-32353\/\"><img width=\"150\" height=\"29\" src=\"https:\/\/images.ifun.de\/wp-content\/uploads\/2012\/11\/mac-mini.jpg\" class=\"alignright tfe wp-post-image\" alt=\"\" decoding=\"async\" loading=\"lazy\" srcset=\"https:\/\/images.ifun.de\/wp-content\/uploads\/2012\/11\/mac-mini.jpg 464w, https:\/\/images.ifun.de\/wp-content\/uploads\/2012\/11\/mac-mini-300x58.jpg 300w\" sizes=\"auto, (max-width: 150px) 100vw, 150px\" \/><\/a><p>Besitzer eines Mac mini der aktuellen Generation berichten teils \u00fcber Probleme mit \u00fcber HDMI angeschlossenen Bildschirmen. In unregelm\u00e4\u00dfigen Abst\u00e4nden f\u00e4llt das Bild offenbar f\u00fcr kurze Zeit (weniger als eine Sekunde) aus. \u00dcber Thunderbolt bzw. den Mini-DisplayPort angeschlossene Monitore sind wohl nicht betroffen. Verantwortlich f\u00fcr diese St\u00f6rungen scheint ein Treiber f\u00fcr den im Mac mini verbauten [&hellip;]<\/p>\n","protected":false},"author":2,"featured_media":32354,"comment_status":"open","ping_status":"closed","sticky":false,"template":"","format":"standard","meta":{"_acf_changed":false,"footnotes":""},"categories":[16],"tags":[241,311,6321,515,177],"class_list":["post-32353","post","type-post","status-publish","format-standard","has-post-thumbnail","hentry","category-mac","tag-bildschirm","tag-hdmi","tag-mac","tag-mac-mini","tag-problem"],"acf":[],"aioseo_notices":[],"rest_api_enabler":[],"_links":{"self":[{"href":"https:\/\/www.ifun.de\/apiv2\/wp\/v2\/posts\/32353","targetHints":{"allow":["GET"]}}],"collection":[{"href":"https:\/\/www.ifun.de\/apiv2\/wp\/v2\/posts"}],"about":[{"href":"https:\/\/www.ifun.de\/apiv2\/wp\/v2\/types\/post"}],"author":[{"embeddable":true,"href":"https:\/\/www.ifun.de\/apiv2\/wp\/v2\/users\/2"}],"replies":[{"embeddable":true,"href":"https:\/\/www.ifun.de\/apiv2\/wp\/v2\/comments?post=32353"}],"version-history":[{"count":1,"href":"https:\/\/www.ifun.de\/apiv2\/wp\/v2\/posts\/32353\/revisions"}],"predecessor-version":[{"id":32355,"href":"https:\/\/www.ifun.de\/apiv2\/wp\/v2\/posts\/32353\/revisions\/32355"}],"wp:featuredmedia":[{"embeddable":true,"href":"https:\/\/www.ifun.de\/apiv2\/wp\/v2\/media\/32354"}],"wp:attachment":[{"href":"https:\/\/www.ifun.de\/apiv2\/wp\/v2\/media?parent=32353"}],"wp:term":[{"taxonomy":"category","embeddable":true,"href":"https:\/\/www.ifun.de\/apiv2\/wp\/v2\/categories?post=32353"},{"taxonomy":"post_tag","embeddable":true,"href":"https:\/\/www.ifun.de\/apiv2\/wp\/v2\/tags?post=32353"}],"curies":[{"name":"wp","href":"https:\/\/api.w.org\/{rel}","templated":true}]}}