{"id":32180,"date":"2012-11-26T07:57:56","date_gmt":"2012-11-26T06:57:56","guid":{"rendered":"http:\/\/www.ifun.de\/?p=32180"},"modified":"2012-11-26T09:46:23","modified_gmt":"2012-11-26T08:46:23","slug":"besser-organisiert-ical-erweiterung-fantastical-und-semester-und-schulplaner-istudiez-pro-fur-den-mac","status":"publish","type":"post","link":"https:\/\/www.ifun.de\/besser-organisiert-ical-erweiterung-fantastical-und-semester-und-schulplaner-istudiez-pro-fur-den-mac-32180\/","title":{"rendered":"Besser organisiert: iCal-Erweiterung Fantastical und  Semester- und Schulplaner iStudiez Pro f\u00fcr den Mac"},"content":{"rendered":"<p>Mac-Besitzern empfehlen wir heute eine Blick auf die iCal-Erweiterung <a href=\"https:\/\/itunes.apple.com\/de\/app\/fantastical\/id435003921?mt=12&#038;uo=4&#038;at=10ltcU\">Fantastical<\/a>. Die App erg\u00e4nzt den Apple-Kalender um das, was wir uns eigentlich als festen Bestandteil von iCal w\u00fcnschen w\u00fcrden: Komfortablen und schnellen Zugriff \u00fcber die Men\u00fcleiste inklusive der M\u00f6glichkeit, neue Eintr\u00e4ge unkompliziert anzulegen ohne daf\u00fcr extra den Kalender \u00f6ffnen zu m\u00fcssen: Ein Klick auf das Men\u00fcleistensymbol und die Eingabe von \u201e26. November 8 Uhr iTunes Karten kaufen\u201c erzeugt beispielsweise am 26. November um 8 Uhr einen Kalender-Eintrag mit dem Titel \u201eiTunes Karten kaufen\u201c.<br \/>\n<a href=\"http:\/\/clkde.tradedoubler.com\/click?p=23761&#038;a=747172&#038;url=http:\/\/itunes.apple.com\/de\/app\/fantastical\/id435003921?mt=12&#038;uo=4&#038;at=10ltcU&#038;partnerId=2003\">Fantastical<\/a> kostet normalerweise 17,99 Euro und l\u00e4sst sich heute zum Preis von 8,99 Euro laden.<\/p>\n<p><img loading=\"lazy\" decoding=\"async\" src=\"http:\/\/images.ifun.de\/wp-content\/uploads\/2012\/11\/mac-apps1.jpg\" alt=\"\" title=\"mac-apps\" width=\"464\" height=\"191\" class=\"alignnone size-full wp-image-32181\" srcset=\"https:\/\/images.ifun.de\/wp-content\/uploads\/2012\/11\/mac-apps1.jpg 464w, https:\/\/images.ifun.de\/wp-content\/uploads\/2012\/11\/mac-apps1-300x123.jpg 300w\" sizes=\"auto, (max-width: 464px) 100vw, 464px\" \/><\/p>\n<p>Sch\u00fcler und Studenten werfen zudem einen Blick auf die <a href=\"https:\/\/itunes.apple.com\/de\/app\/istudiez-pro\/id402989379?mt=12&#038;uo=4&#038;at=10ltcU\">Mac-Version von iStudiez Pro<\/a>. Das Programm zur Schuljahr- und Semesterplanung l\u00e4sst sich mit der <a href=\"http:\/\/www.ifun.de\/istudiez-pro-semesterplanung-mit-dem-iphone-ipod-touch-oder-ipad-6617\/\">hier<\/a> ausf\u00fchrlich vorgestellten <a rel=\"noindex, nofollow\" href=\"http:\/\/www.ifun.de\/app\/310636441\">Universal-App f\u00fcr iOS-Ger\u00e4te<\/a> (2,69 Euro) synchronisieren und hilft dabei, etwas Ordnung ins Chaos des Schulalltags zu bringen.<br \/>\nDie Mac-Version ist aktuell von 8,99 Euro auf 4,49 Euro reduziert und erfreut sich wie die zugeh\u00f6rige iOS-App in der Regel zufriedener Bewertungen. Die einzig wiederholt ge\u00e4u\u00dferte Kritik bezieht sich auf die Tatsache, dass f\u00fcr die Synchronisierung zwischen den Plattformen statt iCloud ein zwar kostenloses aber separates, iStudiez-eigenes Kundenkonto benutzt wird.<\/p>\n","protected":false},"excerpt":{"rendered":"<a href=\"https:\/\/www.ifun.de\/besser-organisiert-ical-erweiterung-fantastical-und-semester-und-schulplaner-istudiez-pro-fur-den-mac-32180\/\"><img width=\"150\" height=\"62\" src=\"https:\/\/images.ifun.de\/wp-content\/uploads\/2012\/11\/mac-apps1.jpg\" class=\"alignright tfe wp-post-image\" alt=\"\" decoding=\"async\" loading=\"lazy\" srcset=\"https:\/\/images.ifun.de\/wp-content\/uploads\/2012\/11\/mac-apps1.jpg 464w, https:\/\/images.ifun.de\/wp-content\/uploads\/2012\/11\/mac-apps1-300x123.jpg 300w\" sizes=\"auto, (max-width: 150px) 100vw, 150px\" \/><\/a><p>Mac-Besitzern empfehlen wir heute eine Blick auf die iCal-Erweiterung Fantastical. Die App erg\u00e4nzt den Apple-Kalender um das, was wir uns eigentlich als festen Bestandteil von iCal w\u00fcnschen w\u00fcrden: Komfortablen und schnellen Zugriff \u00fcber die Men\u00fcleiste inklusive der M\u00f6glichkeit, neue Eintr\u00e4ge unkompliziert anzulegen ohne daf\u00fcr extra den Kalender \u00f6ffnen zu m\u00fcssen: Ein Klick auf das Men\u00fcleistensymbol [&hellip;]<\/p>\n","protected":false},"author":2,"featured_media":32181,"comment_status":"open","ping_status":"closed","sticky":false,"template":"","format":"standard","meta":{"_acf_changed":false,"footnotes":""},"categories":[16],"tags":[4737,151,6321,727,277,52,278],"class_list":["post-32180","post","type-post","status-publish","format-standard","has-post-thumbnail","hentry","category-mac","tag-apps","tag-kalender","tag-mac","tag-programme","tag-schule","tag-software","tag-uni"],"acf":[],"aioseo_notices":[],"rest_api_enabler":[],"_links":{"self":[{"href":"https:\/\/www.ifun.de\/apiv2\/wp\/v2\/posts\/32180","targetHints":{"allow":["GET"]}}],"collection":[{"href":"https:\/\/www.ifun.de\/apiv2\/wp\/v2\/posts"}],"about":[{"href":"https:\/\/www.ifun.de\/apiv2\/wp\/v2\/types\/post"}],"author":[{"embeddable":true,"href":"https:\/\/www.ifun.de\/apiv2\/wp\/v2\/users\/2"}],"replies":[{"embeddable":true,"href":"https:\/\/www.ifun.de\/apiv2\/wp\/v2\/comments?post=32180"}],"version-history":[{"count":5,"href":"https:\/\/www.ifun.de\/apiv2\/wp\/v2\/posts\/32180\/revisions"}],"predecessor-version":[{"id":32190,"href":"https:\/\/www.ifun.de\/apiv2\/wp\/v2\/posts\/32180\/revisions\/32190"}],"wp:featuredmedia":[{"embeddable":true,"href":"https:\/\/www.ifun.de\/apiv2\/wp\/v2\/media\/32181"}],"wp:attachment":[{"href":"https:\/\/www.ifun.de\/apiv2\/wp\/v2\/media?parent=32180"}],"wp:term":[{"taxonomy":"category","embeddable":true,"href":"https:\/\/www.ifun.de\/apiv2\/wp\/v2\/categories?post=32180"},{"taxonomy":"post_tag","embeddable":true,"href":"https:\/\/www.ifun.de\/apiv2\/wp\/v2\/tags?post=32180"}],"curies":[{"name":"wp","href":"https:\/\/api.w.org\/{rel}","templated":true}]}}