{"id":32054,"date":"2012-11-21T18:44:31","date_gmt":"2012-11-21T17:44:31","guid":{"rendered":"http:\/\/www.ifun.de\/?p=32054"},"modified":"2013-03-31T13:52:01","modified_gmt":"2013-03-31T12:52:01","slug":"ipad-mini-case-huelle-gear4-test-review","status":"publish","type":"post","link":"https:\/\/www.ifun.de\/ipad-mini-case-huelle-gear4-test-review-32054\/","title":{"rendered":"Angeschaut: 3 neue GEAR4-H\u00fcllen f\u00fcr das iPad mini"},"content":{"rendered":"<p>GEAR4 hat die ersten <a href=\"http:\/\/www.gear4.com\/category\/_\/327\/ipad-mini\/\">Zubeh\u00f6rprodukte f\u00fcr das iPad mini<\/a> am Start. Wir haben uns drei der neu vorgestellten Cases und H\u00fcllen angesehen.<\/p>\n<p><div class=\"responsive-video\"><iframe loading=\"lazy\" width=\"464\" height=\"261\" src=\"http:\/\/www.youtube-nocookie.com\/embed\/DNYBwOVax8M\" frameborder=\"0\" allowfullscreen><\/iframe><\/div><br \/>\n(<a href=\"http:\/\/youtu.be\/DNYBwOVax8M\">Direktlink zum Video<\/a>)<\/p>\n<h3>Neoprenh\u00fclle NeO<\/h3>\n<p>Die offene <a href=\"http:\/\/www.gear4.com\/product\/_\/677\/neo-ipad-mini\/?cid=327\">Neoprenh\u00fclle NeO<\/a> wirkt auf den ersten Blick ungew\u00f6hnlich, h\u00e4lt das iPad aber auch ohne Klett- oder Rei\u00dfverschluss sicher in ihrem Inneren verstaut.<\/p>\n<p><img loading=\"lazy\" decoding=\"async\" src=\"http:\/\/images.ifun.de\/wp-content\/uploads\/2012\/11\/neo1.jpg\" alt=\"\" title=\"neo1\" width=\"464\" height=\"323\" class=\"alignnone size-full wp-image-32055\" srcset=\"https:\/\/images.ifun.de\/wp-content\/uploads\/2012\/11\/neo1.jpg 464w, https:\/\/images.ifun.de\/wp-content\/uploads\/2012\/11\/neo1-300x208.jpg 300w\" sizes=\"auto, (max-width: 464px) 100vw, 464px\" \/><\/p>\n<p>Die robuste Neoprenschicht sch\u00fctzt wirksam vor St\u00f6\u00dfen und Kratzern, zudem wird das gute St\u00fcck von kuscheligem Innenfutter beh\u00fctet.<\/p>\n<p><!--more--><img loading=\"lazy\" decoding=\"async\" src=\"http:\/\/images.ifun.de\/wp-content\/uploads\/2012\/11\/neo2.jpg\" alt=\"\" title=\"neo2\" width=\"464\" height=\"172\" class=\"alignnone size-full wp-image-32056\" srcset=\"https:\/\/images.ifun.de\/wp-content\/uploads\/2012\/11\/neo2.jpg 464w, https:\/\/images.ifun.de\/wp-content\/uploads\/2012\/11\/neo2-300x111.jpg 300w\" sizes=\"auto, (max-width: 464px) 100vw, 464px\" \/><\/p>\n<p>GEAR4 bietet das NeO-Case in zwei verschiedenen Farbkombinationen an: Schwarz mit t\u00fcrkisfarbenem Innenfutter oder Neongr\u00fcn mit orangefarbenem Innenfutter. In Deutschland sind die H\u00fcllen zum Preis von 19,95 Euro <a rel=\"noindex, nofollow\" href=\"http:\/\/www.amazon.de\/s\/?_encoding=UTF8&#038;camp=1638&#038;creative=19454&#038;field-keywords=Gear4%20ipad%20mini%20neoprene&#038;linkCode=ur2&#038;site-redirect=de&#038;tag=musicweb02\">\u00fcber Amazon<\/a> erh\u00e4ltlich.<\/p>\n<h3>R\u00fcckenschale ThinIce<\/h3>\n<p>Die R\u00fcckenschale ThinIce ist neben der <a href=\"http:\/\/www.gear4.com\/product\/_\/691\/thinice-ipad-mini\/?cid=327\">Standardausf\u00fchrung in Orange und Violett<\/a> in den Varianten <a href=\"http:\/\/www.gear4.com\/product\/_\/676\/thinice-liquid-rubber\/?cid=327\">Liquid Rubber<\/a> und <a href=\"http:\/\/www.gear4.com\/product\/_\/675\/thinice-clear-ipad-mini\/?cid=327\">Clear<\/a> erh\u00e4ltlich.<\/p>\n<p><img loading=\"lazy\" decoding=\"async\" src=\"http:\/\/images.ifun.de\/wp-content\/uploads\/2012\/11\/thinice1.jpg\" alt=\"\" title=\"thinice1\" width=\"464\" height=\"326\" class=\"alignnone size-full wp-image-32058\" srcset=\"https:\/\/images.ifun.de\/wp-content\/uploads\/2012\/11\/thinice1.jpg 464w, https:\/\/images.ifun.de\/wp-content\/uploads\/2012\/11\/thinice1-300x210.jpg 300w\" sizes=\"auto, (max-width: 464px) 100vw, 464px\" \/><\/p>\n<p>Der Kunststoffschutz l\u00e4sst sich einfach auf die R\u00fcckseite des iPad aufclippen, sch\u00fctzt R\u00fccken und Kanten und erlaubt die Verwendung gemeinsam mit einem Smart Cover. Wer Angst vor einer zerkratzten iPad-R\u00fcckseite hat, holt sich hiermit entsprechenden Schutz, ohne das iPad wesentlich dicker und schwerer zu machen &#8211; die Covers sind angenehm d\u00fcnn und gerade mal 43 Gramm schwer. Besonders gut hat uns die Liquid-Rubber-Variante mit ihrer griffigen Oberfl\u00e4che gefallen.<\/p>\n<p><img loading=\"lazy\" decoding=\"async\" src=\"http:\/\/images.ifun.de\/wp-content\/uploads\/2012\/11\/thinice2.jpg\" alt=\"\" title=\"thinice2\" width=\"464\" height=\"172\" class=\"alignnone size-full wp-image-32059\" srcset=\"https:\/\/images.ifun.de\/wp-content\/uploads\/2012\/11\/thinice2.jpg 464w, https:\/\/images.ifun.de\/wp-content\/uploads\/2012\/11\/thinice2-300x111.jpg 300w\" sizes=\"auto, (max-width: 464px) 100vw, 464px\" \/><\/p>\n<p>In Deutschland sind die ThinIce-H\u00fcllen je nach Ausf\u00fchrung derzeit zu Preisen <a rel=\"noindex, nofollow\" href=\"http:\/\/www.amazon.de\/s\/?_encoding=UTF8&#038;camp=1638&#038;creative=19454&#038;field-keywords=Gear4%20thinice%20ipad%20mini&#038;linkCode=ur2&#038;site-redirect=de&#038;tag=musicweb02\">zwischen 15 und 25 Euro<\/a> erh\u00e4ltlich.<\/p>\n<h3>CoverStand Case mit St\u00e4nderfunktion<\/h3>\n<p>Mit dem <a href=\"http:\/\/www.gear4.com\/product\/_\/679\/coverstand-ipad-mini\/?cid=327\">CoverStand<\/a> kommen wir zum nobelsten der drei von uns angeschauten iPad-mini-Cases. Der Bezug der R\u00fcckenschale sowie der Deckel sind aus Leder oder leder\u00e4hnlichem Material gefertigt und verpacken das kleine iPad seri\u00f6s und stilvoll.<\/p>\n<p><img loading=\"lazy\" decoding=\"async\" src=\"http:\/\/images.ifun.de\/wp-content\/uploads\/2012\/11\/stand1.jpg\" alt=\"\" title=\"stand1\" width=\"464\" height=\"309\" class=\"alignnone size-full wp-image-32060\" srcset=\"https:\/\/images.ifun.de\/wp-content\/uploads\/2012\/11\/stand1.jpg 464w, https:\/\/images.ifun.de\/wp-content\/uploads\/2012\/11\/stand1-300x199.jpg 300w\" sizes=\"auto, (max-width: 464px) 100vw, 464px\" \/><\/p>\n<p>Mithilfe einer Lasche auf der R\u00fcckseite l\u00e4sst sich das Case auch als St\u00e4nder in zwei Positionen verwenden. Im Deckel sind Magneten f\u00fcr die Auto-Ein\/Aus-Funktion des iPad versteckt. Wie bereits bei anderen H\u00fcllen f\u00e4llt uns aber auch hier negativ auf, dass sich das iPad bei geschlossenem Deckel w\u00e4hrend des Tragens auch gerne mal aus Versehen einschaltet. Wen das st\u00f6rt, der muss diese Funktion einfach in den Einstellungen deaktivieren. Ansonsten gibt es nichts zu meckern. Die H\u00fclle wirkt ordentlich verarbeitet, passt wie auch die anderen beiden von uns vorgestellten perfekt und l\u00e4sst sich hierzulande <a rel=\"noindex, nofollow\" href=\"http:\/\/www.amazon.de\/gp\/product\/B0091C5OMC\/ref=as_li_ss_tl?ie=UTF8&#038;camp=1638&#038;creative=19454&#038;creativeASIN=B0091C5OMC&#038;linkCode=as2&#038;tag=musicweb02\">zum Preis von 29,95 Euro<\/a> bestellen.<\/p>\n<p><img loading=\"lazy\" decoding=\"async\" src=\"http:\/\/images.ifun.de\/wp-content\/uploads\/2012\/11\/stand2.jpg\" alt=\"\" title=\"stand2\" width=\"464\" height=\"154\" class=\"alignnone size-full wp-image-32061\" srcset=\"https:\/\/images.ifun.de\/wp-content\/uploads\/2012\/11\/stand2.jpg 464w, https:\/\/images.ifun.de\/wp-content\/uploads\/2012\/11\/stand2-300x99.jpg 300w\" sizes=\"auto, (max-width: 464px) 100vw, 464px\" \/><img loading=\"lazy\" decoding=\"async\" src=\"http:\/\/vg04.met.vgwort.de\/na\/7cc6c1fc07fa4b049b2f21110d217381\" width=\"1\" height=\"1\" alt=\"\"><\/p>\n","protected":false},"excerpt":{"rendered":"<a href=\"https:\/\/www.ifun.de\/ipad-mini-case-huelle-gear4-test-review-32054\/\"><img width=\"150\" height=\"56\" src=\"https:\/\/images.ifun.de\/wp-content\/uploads\/2012\/11\/neo2.jpg\" class=\"alignright tfe wp-post-image\" alt=\"\" decoding=\"async\" loading=\"lazy\" srcset=\"https:\/\/images.ifun.de\/wp-content\/uploads\/2012\/11\/neo2.jpg 464w, https:\/\/images.ifun.de\/wp-content\/uploads\/2012\/11\/neo2-300x111.jpg 300w\" sizes=\"auto, (max-width: 150px) 100vw, 150px\" \/><\/a><p>GEAR4 Taschen und Cases<br \/>\nf\u00fcr das iPad mini<\/p>\n","protected":false},"author":2,"featured_media":32056,"comment_status":"open","ping_status":"closed","sticky":false,"template":"","format":"standard","meta":{"_acf_changed":false,"footnotes":""},"categories":[7,22],"tags":[110,214,75,1335,215,195,345],"class_list":["post-32054","post","type-post","status-publish","format-standard","has-post-thumbnail","hentry","category-featured","category-zubehor","tag-case","tag-gear4","tag-hulle","tag-ipad-mini","tag-review","tag-schutz","tag-test"],"acf":[],"aioseo_notices":[],"featured_image":["http:\/\/www.iphone-ticker.de\/wp-content\/uploads\/2012\/11\/gear4.png"],"rest_api_enabler":{"featured_image":"http:\/\/www.iphone-ticker.de\/wp-content\/uploads\/2012\/11\/gear4.png"},"_links":{"self":[{"href":"https:\/\/www.ifun.de\/apiv2\/wp\/v2\/posts\/32054","targetHints":{"allow":["GET"]}}],"collection":[{"href":"https:\/\/www.ifun.de\/apiv2\/wp\/v2\/posts"}],"about":[{"href":"https:\/\/www.ifun.de\/apiv2\/wp\/v2\/types\/post"}],"author":[{"embeddable":true,"href":"https:\/\/www.ifun.de\/apiv2\/wp\/v2\/users\/2"}],"replies":[{"embeddable":true,"href":"https:\/\/www.ifun.de\/apiv2\/wp\/v2\/comments?post=32054"}],"version-history":[{"count":10,"href":"https:\/\/www.ifun.de\/apiv2\/wp\/v2\/posts\/32054\/revisions"}],"predecessor-version":[{"id":37328,"href":"https:\/\/www.ifun.de\/apiv2\/wp\/v2\/posts\/32054\/revisions\/37328"}],"wp:featuredmedia":[{"embeddable":true,"href":"https:\/\/www.ifun.de\/apiv2\/wp\/v2\/media\/32056"}],"wp:attachment":[{"href":"https:\/\/www.ifun.de\/apiv2\/wp\/v2\/media?parent=32054"}],"wp:term":[{"taxonomy":"category","embeddable":true,"href":"https:\/\/www.ifun.de\/apiv2\/wp\/v2\/categories?post=32054"},{"taxonomy":"post_tag","embeddable":true,"href":"https:\/\/www.ifun.de\/apiv2\/wp\/v2\/tags?post=32054"}],"curies":[{"name":"wp","href":"https:\/\/api.w.org\/{rel}","templated":true}]}}