{"id":31897,"date":"2012-11-16T14:39:38","date_gmt":"2012-11-16T13:39:38","guid":{"rendered":"http:\/\/www.ifun.de\/?p=31897"},"modified":"2012-11-16T16:46:36","modified_gmt":"2012-11-16T15:46:36","slug":"ipad-kalender-problem-crash-maerz-2013-april","status":"publish","type":"post","link":"https:\/\/www.ifun.de\/ipad-kalender-problem-crash-maerz-2013-april-31897\/","title":{"rendered":"iPad-Kalender st\u00fcrzt in der Monatsansicht M\u00e4rz 2013 ab"},"content":{"rendered":"<p><img loading=\"lazy\" decoding=\"async\" src=\"http:\/\/images.ifun.de\/wp-content\/uploads\/2012\/11\/kalender.jpg\" alt=\"\" title=\"kalender\" width=\"110\" height=\"110\" class=\"alignright size-full wp-image-31899\" srcset=\"https:\/\/images.ifun.de\/wp-content\/uploads\/2012\/11\/kalender.jpg 110w, https:\/\/images.ifun.de\/wp-content\/uploads\/2012\/11\/kalender-100x100.jpg 100w\" sizes=\"auto, (max-width: 110px) 100vw, 110px\" \/>Der iPad-Kalender weist auch unter iOS 6 noch eine <a href=\"http:\/\/forum.ifun.de\/threads\/54613-Kalender-2013-M\u00e4rz\">seit Jahresbeginn bekannte<\/a>, \u00e4rgerliche Fehlfunktion auf. Der Eintrag eines ganzt\u00e4gigen Termins am 1. April 2013 schie\u00dft den Kalender ab, sobald die Monatsansicht des M\u00e4rz 2013 ge\u00f6ffnet wird. Allem Anschein nach kommt der Kalender hier mit der zeitgleich mit dem Monatswechsel stattfindenden Umstellung auf Sommerzeit nicht klar.<br \/>\nIm ung\u00fcnstigsten Fall f\u00fchrt dies dazu, dass sich die Kalender-App gar nicht mehr \u00f6ffnen l\u00e4sst, weil sie beim Start stets die zuletzt angezeigte Ansicht \u00f6ffnen will. Falls ihr von dem Problem betroffen seid, hilft es \u00fcbergangsweise den Termin zu entfernen oder in einen nicht ganzt\u00e4gigen Termin umzuwandeln. Wir haben Apple \u00fcber den Fehler informiert und hoffen auf eine baldige Korrektur.<\/p>\n<p><div class=\"responsive-video\"><iframe loading=\"lazy\" width=\"464\" height=\"261\" src=\"http:\/\/www.youtube-nocookie.com\/embed\/eW3FXokv-zk\" frameborder=\"0\" allowfullscreen><\/iframe><\/div><br \/>\n(<a href=\"http:\/\/youtu.be\/eW3FXokv-zk\">Direktlink zum Video<\/a>)<br \/>\nVielen Dank an euch f\u00fcr die eingesandten Fehlerberichte hierzu, doppelt Dank an Andreas f\u00fcr den Hinweis auf unseren <a href=\"http:\/\/forum.ifun.de\/threads\/54613-Kalender-2013-M\u00e4rz\">Forenthread<\/a> dazu.<\/p>\n","protected":false},"excerpt":{"rendered":"<a href=\"https:\/\/www.ifun.de\/ipad-kalender-problem-crash-maerz-2013-april-31897\/\"><img width=\"110\" height=\"110\" src=\"https:\/\/images.ifun.de\/wp-content\/uploads\/2012\/11\/kalender.jpg\" class=\"alignright tfe wp-post-image\" alt=\"\" decoding=\"async\" loading=\"lazy\" srcset=\"https:\/\/images.ifun.de\/wp-content\/uploads\/2012\/11\/kalender.jpg 110w, https:\/\/images.ifun.de\/wp-content\/uploads\/2012\/11\/kalender-100x100.jpg 100w\" sizes=\"auto, (max-width: 110px) 100vw, 110px\" \/><\/a><p>Der iPad-Kalender weist auch unter iOS 6 noch eine seit Jahresbeginn bekannte, \u00e4rgerliche Fehlfunktion auf. Der Eintrag eines ganzt\u00e4gigen Termins am 1. April 2013 schie\u00dft den Kalender ab, sobald die Monatsansicht des M\u00e4rz 2013 ge\u00f6ffnet wird. Allem Anschein nach kommt der Kalender hier mit der zeitgleich mit dem Monatswechsel stattfindenden Umstellung auf Sommerzeit nicht klar. [&hellip;]<\/p>\n","protected":false},"author":2,"featured_media":31899,"comment_status":"open","ping_status":"closed","sticky":false,"template":"","format":"standard","meta":{"_acf_changed":false,"footnotes":""},"categories":[10],"tags":[4739,4740,151,177],"class_list":["post-31897","post","type-post","status-publish","format-standard","has-post-thumbnail","hentry","category-ipad","tag-ios","tag-ipad","tag-kalender","tag-problem"],"acf":[],"aioseo_notices":[],"rest_api_enabler":[],"_links":{"self":[{"href":"https:\/\/www.ifun.de\/apiv2\/wp\/v2\/posts\/31897","targetHints":{"allow":["GET"]}}],"collection":[{"href":"https:\/\/www.ifun.de\/apiv2\/wp\/v2\/posts"}],"about":[{"href":"https:\/\/www.ifun.de\/apiv2\/wp\/v2\/types\/post"}],"author":[{"embeddable":true,"href":"https:\/\/www.ifun.de\/apiv2\/wp\/v2\/users\/2"}],"replies":[{"embeddable":true,"href":"https:\/\/www.ifun.de\/apiv2\/wp\/v2\/comments?post=31897"}],"version-history":[{"count":5,"href":"https:\/\/www.ifun.de\/apiv2\/wp\/v2\/posts\/31897\/revisions"}],"predecessor-version":[{"id":31901,"href":"https:\/\/www.ifun.de\/apiv2\/wp\/v2\/posts\/31897\/revisions\/31901"}],"wp:featuredmedia":[{"embeddable":true,"href":"https:\/\/www.ifun.de\/apiv2\/wp\/v2\/media\/31899"}],"wp:attachment":[{"href":"https:\/\/www.ifun.de\/apiv2\/wp\/v2\/media?parent=31897"}],"wp:term":[{"taxonomy":"category","embeddable":true,"href":"https:\/\/www.ifun.de\/apiv2\/wp\/v2\/categories?post=31897"},{"taxonomy":"post_tag","embeddable":true,"href":"https:\/\/www.ifun.de\/apiv2\/wp\/v2\/tags?post=31897"}],"curies":[{"name":"wp","href":"https:\/\/api.w.org\/{rel}","templated":true}]}}