{"id":31572,"date":"2012-11-08T20:19:46","date_gmt":"2012-11-08T19:19:46","guid":{"rendered":"http:\/\/www.ifun.de\/?p=31572"},"modified":"2012-11-08T20:19:46","modified_gmt":"2012-11-08T19:19:46","slug":"iphone-ipad-netzteil-12-watt-power-adapte","status":"publish","type":"post","link":"https:\/\/www.ifun.de\/iphone-ipad-netzteil-12-watt-power-adapte-31572\/","title":{"rendered":"iPad mini und iPhone 5 mit 12-Watt-Netzteil schneller laden"},"content":{"rendered":"<p><img loading=\"lazy\" decoding=\"async\" src=\"http:\/\/images.ifun.de\/wp-content\/uploads\/2012\/11\/netzteil.jpg\" alt=\"\" title=\"netzteil\" width=\"180\" height=\"122\" class=\"alignright size-full wp-image-31573\" \/>Mit dem iPad der vierten Generation liefert Apple auch einen neuen, auch separat erh\u00e4ltlichen <a href=\"http:\/\/ifun.de\/applestore\/http:\/\/store.apple.com\/de\/go\/product\/MD836\">12 Watt USB Power Adapter<\/a> aus (der alte hatte nur 10 Watt). Angesichts zus\u00e4tzlichen Leistung stellt sich nat\u00fcrlich die Frage, wie sich dies auf die Ladezeit anderer Apple-Ger\u00e4te auswirkt.<\/p>\n<p>ifun-Leser Janus hat sich zun\u00e4chst von Apple best\u00e4tigen lassen, dass er den neuen Ladeadapter problemlos auch mit dem iPad mini und dem iPhone 5 verwenden kann &#8211; beide Ger\u00e4te werden von Haus aus mit einem kleineren 5-Watt-Netzteil geliefert &#8211; und anschlie\u00dfend die Ladezeiten vergleichen.<\/p>\n<p>Beim iPad mini lie\u00df sich die Ladezeit mit dem st\u00e4rkeren Power Adapter von urspr\u00fcnglichen 4 Stunden und 15 Minuten auf 2 Stunden und 55 Minuten verringern. Das iPhone konnte in 2 Stunden und 8 Minuten statt der urspr\u00fcnglichen 2 Stunden 45 Minuten geladen werden. F\u00fcr die Messungen waren die Akkus der Ger\u00e4te so weit entleert, dass die Ger\u00e4te ausgingen.<\/p>\n","protected":false},"excerpt":{"rendered":"<a href=\"https:\/\/www.ifun.de\/iphone-ipad-netzteil-12-watt-power-adapte-31572\/\"><img width=\"150\" height=\"102\" src=\"https:\/\/images.ifun.de\/wp-content\/uploads\/2012\/11\/netzteil.jpg\" class=\"alignright tfe wp-post-image\" alt=\"\" decoding=\"async\" loading=\"lazy\" \/><\/a><p>Mit dem iPad der vierten Generation liefert Apple auch einen neuen, auch separat erh\u00e4ltlichen 12 Watt USB Power Adapter aus (der alte hatte nur 10 Watt). Angesichts zus\u00e4tzlichen Leistung stellt sich nat\u00fcrlich die Frage, wie sich dies auf die Ladezeit anderer Apple-Ger\u00e4te auswirkt. ifun-Leser Janus hat sich zun\u00e4chst von Apple best\u00e4tigen lassen, dass er den [&hellip;]<\/p>\n","protected":false},"author":2,"featured_media":31573,"comment_status":"open","ping_status":"closed","sticky":false,"template":"","format":"standard","meta":{"_acf_changed":false,"footnotes":""},"categories":[22],"tags":[1545,1335,4741,136,1389],"class_list":["post-31572","post","type-post","status-publish","format-standard","has-post-thumbnail","hentry","category-zubehor","tag-12-watt","tag-ipad-mini","tag-iphone","tag-ladegerat","tag-ladezeit"],"acf":[],"aioseo_notices":[],"rest_api_enabler":[],"_links":{"self":[{"href":"https:\/\/www.ifun.de\/apiv2\/wp\/v2\/posts\/31572","targetHints":{"allow":["GET"]}}],"collection":[{"href":"https:\/\/www.ifun.de\/apiv2\/wp\/v2\/posts"}],"about":[{"href":"https:\/\/www.ifun.de\/apiv2\/wp\/v2\/types\/post"}],"author":[{"embeddable":true,"href":"https:\/\/www.ifun.de\/apiv2\/wp\/v2\/users\/2"}],"replies":[{"embeddable":true,"href":"https:\/\/www.ifun.de\/apiv2\/wp\/v2\/comments?post=31572"}],"version-history":[{"count":3,"href":"https:\/\/www.ifun.de\/apiv2\/wp\/v2\/posts\/31572\/revisions"}],"predecessor-version":[{"id":31576,"href":"https:\/\/www.ifun.de\/apiv2\/wp\/v2\/posts\/31572\/revisions\/31576"}],"wp:featuredmedia":[{"embeddable":true,"href":"https:\/\/www.ifun.de\/apiv2\/wp\/v2\/media\/31573"}],"wp:attachment":[{"href":"https:\/\/www.ifun.de\/apiv2\/wp\/v2\/media?parent=31572"}],"wp:term":[{"taxonomy":"category","embeddable":true,"href":"https:\/\/www.ifun.de\/apiv2\/wp\/v2\/categories?post=31572"},{"taxonomy":"post_tag","embeddable":true,"href":"https:\/\/www.ifun.de\/apiv2\/wp\/v2\/tags?post=31572"}],"curies":[{"name":"wp","href":"https:\/\/api.w.org\/{rel}","templated":true}]}}