{"id":31497,"date":"2012-11-07T06:46:56","date_gmt":"2012-11-07T05:46:56","guid":{"rendered":"http:\/\/www.ifun.de\/?p=31497"},"modified":"2012-11-07T07:33:26","modified_gmt":"2012-11-07T06:33:26","slug":"zunkunftsmusik-mac-prozessorwechsel-von-intel-auf-arm","status":"publish","type":"post","link":"https:\/\/www.ifun.de\/zunkunftsmusik-mac-prozessorwechsel-von-intel-auf-arm-31497\/","title":{"rendered":"Zunkunftsmusik: Mac-Prozessorwechsel von Intel auf ARM"},"content":{"rendered":"<p>2005 \u00fcberraschte Apple mit der Ank\u00fcndigung, beim Mac zuk\u00fcnftig auf Intel statt auf die bis dato verwendeten IBM-Prozessoren zu setzen. Insbesondere die Tatsache, dass Apple sich zuvor teils gar in Werbespots \u00fcber die f\u00fcr ihre hohe Hitzeentwicklung bekannten Chips lustig machte, trug dazu bei, dass im Vorfeld kaum jemand mit einem derartigen Wechsel gerechnet hatte.<\/p>\n<p><div class=\"responsive-video\"><iframe loading=\"lazy\" width=\"464\" height=\"348\" src=\"http:\/\/www.youtube-nocookie.com\/embed\/zE6aKeK61A4\" frameborder=\"0\" allowfullscreen><\/iframe><\/div><br \/>\n(<a href=\"http:\/\/youtu.be\/zE6aKeK61A4\">Direktlink zum Video<\/a>)<\/p>\n<p>Doch auch dieses B\u00fcndnis scheint nicht f\u00fcr die Ewigkeit. Zumindest h\u00e4ufen sich in den letzten Tagen die <a href=\"http:\/\/appleinsider.com\/articles\/12\/11\/06\/arm-based-macs-seen-as-inevitable-but-apple-unlikely-to-switch-anytime-soon\">Hinweise<\/a> darauf, dass Apple langfristig erneut grundlegende \u00c4nderungen in der Prozessorarchitektur plant. In Frage k\u00e4men die in den iOS-Ger\u00e4ten bereits verbauten und von Apple in Lizenz selbst gefertigten <a href=\"http:\/\/de.wikipedia.org\/wiki\/ARM-Architektur\">ARM-Prozessoren<\/a>, die zum aktuellen Zeitpunkt allerdings l\u00e4ngst nicht die f\u00fcr die MacBooks erforderliche Leistung bringen.<\/p>\n<p><!--more--><\/p>\n<p>Bis es soweit ist, d\u00fcrften also noch ein paar Jahre ins Land ziehen. Erstrebenswert w\u00e4re ein derartiger Switch f\u00fcr aber Apple sicherlich, k\u00f6nnte man dabei nicht nur das Prozessor-Line-up von iOS und Mac auf eine Linie bringen und somit eine einheitliche Basis f\u00fcr OS-Entwicklungen gestalten, sondern durch die Eigenproduktion auch einen Schritt weiter weiter in Richtung Unabh\u00e4ngigkeit von Zulieferern gehen.<\/p>\n","protected":false},"excerpt":{"rendered":"<p>2005 \u00fcberraschte Apple mit der Ank\u00fcndigung, beim Mac zuk\u00fcnftig auf Intel statt auf die bis dato verwendeten IBM-Prozessoren zu setzen. Insbesondere die Tatsache, dass Apple sich zuvor teils gar in Werbespots \u00fcber die f\u00fcr ihre hohe Hitzeentwicklung bekannten Chips lustig machte, trug dazu bei, dass im Vorfeld kaum jemand mit einem derartigen Wechsel gerechnet hatte. [&hellip;]<\/p>\n","protected":false},"author":2,"featured_media":0,"comment_status":"open","ping_status":"closed","sticky":false,"template":"","format":"standard","meta":{"_acf_changed":false,"footnotes":""},"categories":[18],"tags":[4736,1538,3910,1155,6321,413,111],"class_list":["post-31497","post","type-post","status-publish","format-standard","hentry","category-rumors","tag-apple","tag-arm","tag-geruechte","tag-ibm","tag-mac","tag-prozessor","tag-technik"],"acf":[],"aioseo_notices":[],"rest_api_enabler":[],"_links":{"self":[{"href":"https:\/\/www.ifun.de\/apiv2\/wp\/v2\/posts\/31497","targetHints":{"allow":["GET"]}}],"collection":[{"href":"https:\/\/www.ifun.de\/apiv2\/wp\/v2\/posts"}],"about":[{"href":"https:\/\/www.ifun.de\/apiv2\/wp\/v2\/types\/post"}],"author":[{"embeddable":true,"href":"https:\/\/www.ifun.de\/apiv2\/wp\/v2\/users\/2"}],"replies":[{"embeddable":true,"href":"https:\/\/www.ifun.de\/apiv2\/wp\/v2\/comments?post=31497"}],"version-history":[{"count":5,"href":"https:\/\/www.ifun.de\/apiv2\/wp\/v2\/posts\/31497\/revisions"}],"predecessor-version":[{"id":31505,"href":"https:\/\/www.ifun.de\/apiv2\/wp\/v2\/posts\/31497\/revisions\/31505"}],"wp:attachment":[{"href":"https:\/\/www.ifun.de\/apiv2\/wp\/v2\/media?parent=31497"}],"wp:term":[{"taxonomy":"category","embeddable":true,"href":"https:\/\/www.ifun.de\/apiv2\/wp\/v2\/categories?post=31497"},{"taxonomy":"post_tag","embeddable":true,"href":"https:\/\/www.ifun.de\/apiv2\/wp\/v2\/tags?post=31497"}],"curies":[{"name":"wp","href":"https:\/\/api.w.org\/{rel}","templated":true}]}}