{"id":31309,"date":"2012-11-02T08:04:39","date_gmt":"2012-11-02T07:04:39","guid":{"rendered":"http:\/\/www.ifun.de\/?p=31309"},"modified":"2012-11-02T09:29:53","modified_gmt":"2012-11-02T08:29:53","slug":"ipad-mini-in-deutschland-schlangen-vor-den-apple-stores-das-weise-16-gb-modell-scheint-am-starksten-gefragt","status":"publish","type":"post","link":"https:\/\/www.ifun.de\/ipad-mini-in-deutschland-schlangen-vor-den-apple-stores-das-weise-16-gb-modell-scheint-am-starksten-gefragt-31309\/","title":{"rendered":"iPad mini in Deutschland: Schlangen vor den Apple Stores, das wei\u00dfe 16-GB-Modell scheint am st\u00e4rksten gefragt [UPDATE]"},"content":{"rendered":"<p>Punkt 8 Uhr ist in Deutschland der Startschuss f\u00fcr den Verkauf des iPad mini gefallen. Obwohl Apple zun\u00e4chst nur die WLAN-Variante verf\u00fcgbar hat, herrscht \u00fcberraschend viel Andrang vor den aus diesem Anlass heute fr\u00fcher ge\u00f6ffneten Apple Stores. In K\u00f6ln beispielsweise (Bild unten) war die 16-GB-Version in Wei\u00df bereits vor 8 Uhr vergriffen, unter den etwa 150 Wartenden wurden wieder Reservierungsk\u00e4rtchen f\u00fcr die gew\u00fcnschten Modelle ausgegeben.<\/p>\n<p><img loading=\"lazy\" decoding=\"async\" src=\"http:\/\/images.ifun.de\/wp-content\/uploads\/2012\/11\/ipad-mini-koeln.jpg\" alt=\"\" title=\"ipad-mini-koeln\" width=\"464\" height=\"257\" class=\"alignnone size-full wp-image-31310\" srcset=\"https:\/\/images.ifun.de\/wp-content\/uploads\/2012\/11\/ipad-mini-koeln.jpg 464w, https:\/\/images.ifun.de\/wp-content\/uploads\/2012\/11\/ipad-mini-koeln-300x166.jpg 300w\" sizes=\"auto, (max-width: 464px) 100vw, 464px\" \/><\/p>\n<p>Auch aus Frankfurt erreichten uns erste Infos, vor dem dortigen Apple Store warteten gegen 6 Uhr bereits rund 40 Personen auf ihr neues iPad. (Dank an Macro und Sebastian)<\/p>\n<hr>\n<p><strong>UPDATE: Die deutschen Apple Stores scheinen momentan nur sp\u00e4rlich best\u00fcckt zu sein, in Sindelfingen waren wohl bereits um 8:15 Uhr alle Ger\u00e4te ausverkauft.<\/strong> (Danke Markus)<\/p>\n<p>Auf <a href=\"http:\/\/www.facebook.com\/iFUN.de\">unserer Facebook-Seite<\/a> gibt&#8217;s ein paar mehr Bilder von den einzelnen Stores.<\/p>\n<hr>\n<p>Die Zustellung per Paketdienst ist ebenfalls angelaufen, etliche ifun-Leser haben uns in den letzten Tagen bereits \u00fcber ihre Versandbenachrichtigungen informiert und die ersten Lieferungen sind f\u00fcr den heutigen Freitag geplant.<\/p>\n","protected":false},"excerpt":{"rendered":"<a href=\"https:\/\/www.ifun.de\/ipad-mini-in-deutschland-schlangen-vor-den-apple-stores-das-weise-16-gb-modell-scheint-am-starksten-gefragt-31309\/\"><img width=\"150\" height=\"83\" src=\"https:\/\/images.ifun.de\/wp-content\/uploads\/2012\/11\/ipad-mini-koeln.jpg\" class=\"alignright tfe wp-post-image\" alt=\"\" decoding=\"async\" loading=\"lazy\" srcset=\"https:\/\/images.ifun.de\/wp-content\/uploads\/2012\/11\/ipad-mini-koeln.jpg 464w, https:\/\/images.ifun.de\/wp-content\/uploads\/2012\/11\/ipad-mini-koeln-300x166.jpg 300w\" sizes=\"auto, (max-width: 150px) 100vw, 150px\" \/><\/a><p>Punkt 8 Uhr ist in Deutschland der Startschuss f\u00fcr den Verkauf des iPad mini gefallen. Obwohl Apple zun\u00e4chst nur die WLAN-Variante verf\u00fcgbar hat, herrscht \u00fcberraschend viel Andrang vor den aus diesem Anlass heute fr\u00fcher ge\u00f6ffneten Apple Stores. In K\u00f6ln beispielsweise (Bild unten) war die 16-GB-Version in Wei\u00df bereits vor 8 Uhr vergriffen, unter den etwa [&hellip;]<\/p>\n","protected":false},"author":2,"featured_media":31310,"comment_status":"open","ping_status":"closed","sticky":false,"template":"","format":"standard","meta":{"_acf_changed":false,"footnotes":""},"categories":[10],"tags":[49,327,1335,350,994],"class_list":["post-31309","post","type-post","status-publish","format-standard","has-post-thumbnail","hentry","category-ipad","tag-apple-store","tag-frankfurt","tag-ipad-mini","tag-koln","tag-verkaufsstart"],"acf":[],"aioseo_notices":[],"rest_api_enabler":[],"_links":{"self":[{"href":"https:\/\/www.ifun.de\/apiv2\/wp\/v2\/posts\/31309","targetHints":{"allow":["GET"]}}],"collection":[{"href":"https:\/\/www.ifun.de\/apiv2\/wp\/v2\/posts"}],"about":[{"href":"https:\/\/www.ifun.de\/apiv2\/wp\/v2\/types\/post"}],"author":[{"embeddable":true,"href":"https:\/\/www.ifun.de\/apiv2\/wp\/v2\/users\/2"}],"replies":[{"embeddable":true,"href":"https:\/\/www.ifun.de\/apiv2\/wp\/v2\/comments?post=31309"}],"version-history":[{"count":5,"href":"https:\/\/www.ifun.de\/apiv2\/wp\/v2\/posts\/31309\/revisions"}],"predecessor-version":[{"id":31315,"href":"https:\/\/www.ifun.de\/apiv2\/wp\/v2\/posts\/31309\/revisions\/31315"}],"wp:featuredmedia":[{"embeddable":true,"href":"https:\/\/www.ifun.de\/apiv2\/wp\/v2\/media\/31310"}],"wp:attachment":[{"href":"https:\/\/www.ifun.de\/apiv2\/wp\/v2\/media?parent=31309"}],"wp:term":[{"taxonomy":"category","embeddable":true,"href":"https:\/\/www.ifun.de\/apiv2\/wp\/v2\/categories?post=31309"},{"taxonomy":"post_tag","embeddable":true,"href":"https:\/\/www.ifun.de\/apiv2\/wp\/v2\/tags?post=31309"}],"curies":[{"name":"wp","href":"https:\/\/api.w.org\/{rel}","templated":true}]}}