{"id":30860,"date":"2012-10-23T20:03:39","date_gmt":"2012-10-23T18:03:39","guid":{"rendered":"http:\/\/www.ifun.de\/?p=30860"},"modified":"2012-10-23T21:03:41","modified_gmt":"2012-10-23T19:03:41","slug":"apple-stellt-neuen-unglaublich-dunnen-imac-vor","status":"publish","type":"post","link":"https:\/\/www.ifun.de\/apple-stellt-neuen-unglaublich-dunnen-imac-vor-30860\/","title":{"rendered":"Apple stellt neuen iMac und \u00fcberarbeiteten Mac mini vor"},"content":{"rendered":"<p>Apple hat heute einen <a href=\"http:\/\/ifun.de\/applestore\/http:\/\/store.apple.com\/de\/go\/imac\/\">komplett neuen iMac<\/a> mit wesentlich d\u00fcnnerem Design, brillantem Display, reduzierter Reflexion und schnelleren Prozessoren vorgestellt. Das neue Flaggschiff kommt mit Intel Quad-Core Prozessoren der dritten Generation, leistungsstarker NVIDIA-Grafik und einer neuen Speichermethode <a href=\"http:\/\/www.apple.com\/de\/imac\/features\/\">namens Fusion Drive<\/a>.<\/p>\n<p><a href=\"http:\/\/www.ifun.de\/applestore\/\"><img loading=\"lazy\" decoding=\"async\" src=\"http:\/\/images.ifun.de\/wp-content\/uploads\/2012\/10\/imac-und-mac-mini1.jpg\" alt=\"\" title=\"imac-und-mac-mini\" width=\"464\" height=\"152\" class=\"aligncenter size-full wp-image-30883\" srcset=\"https:\/\/images.ifun.de\/wp-content\/uploads\/2012\/10\/imac-und-mac-mini1.jpg 464w, https:\/\/images.ifun.de\/wp-content\/uploads\/2012\/10\/imac-und-mac-mini1-300x98.jpg 300w\" sizes=\"auto, (max-width: 464px) 100vw, 464px\" \/><\/a><\/p>\n<p>Von Grund auf neu designt, packt der neue iMac hochleistungsf\u00e4hige Technologie in ein Geh\u00e4use aus Aluminium und Glas mit bis zu 40 Prozent weniger Umfang als das Vorg\u00e4ngermodell und einem Rand, der gerade einmal 5mm d\u00fcnn misst. In einem noch nie dagewesenen Pr\u00e4zisionsgrad an Form und Verarbeitung bietet der neue iMac ein unglaubliches Desktop-Erlebnis in einem traumhaft sch\u00f6nen Design. <\/p>\n<p>Der neue iMac wird mit Quad-Core Intel Core i5 Prozessoren der dritten Generation ausgeliefert, die auf Core i7 aufgewertet werden k\u00f6nnen. Die neuesten NVIDIA GeForce Prozessoren bieten bis zu 60 Prozent schnellere Grafik-Performance zum fortgeschrittenen Spielen sowie f\u00fcr grafikintensive Apps. <\/p>\n<p><img loading=\"lazy\" decoding=\"async\" src=\"http:\/\/images.ifun.de\/wp-content\/uploads\/2012\/10\/imac-specs.jpg\" alt=\"\" title=\"imac-specs\" width=\"464\" height=\"308\" class=\"aligncenter size-full wp-image-30885\" srcset=\"https:\/\/images.ifun.de\/wp-content\/uploads\/2012\/10\/imac-specs.jpg 464w, https:\/\/images.ifun.de\/wp-content\/uploads\/2012\/10\/imac-specs-300x199.jpg 300w\" sizes=\"auto, (max-width: 464px) 100vw, 464px\" \/><\/p>\n<p>Jeder neue iMac kommt standardm\u00e4\u00dfig mit 8GB 1600 MHz RAM und einer 1TB Festplatte; Kunden k\u00f6nnen den iMac mit bis zu 32GB Arbeitsspeicher und einer neuen 3TB Festplatte oder 768GB Flash-Speicher f\u00fcr ultimative Leistung konfigurieren. Mit zwei Thunderbolt- und vier USB 3.0-Anschl\u00fcssen liefert der neue iMac eine noch gr\u00f6\u00dfere Erweiterbarkeit und Unterst\u00fctzung leistungsstarker Peripherieger\u00e4te.<\/p>\n<p><!--more--><\/p>\n<p><img loading=\"lazy\" decoding=\"async\" src=\"http:\/\/images.ifun.de\/wp-content\/uploads\/2012\/10\/macmini.jpg\" alt=\"\" title=\"macmini\" width=\"464\" height=\"199\" class=\"aligncenter size-full wp-image-30880\" srcset=\"https:\/\/images.ifun.de\/wp-content\/uploads\/2012\/10\/macmini.jpg 464w, https:\/\/images.ifun.de\/wp-content\/uploads\/2012\/10\/macmini-300x128.jpg 300w\" sizes=\"auto, (max-width: 464px) 100vw, 464px\" \/><\/p>\n<p>Apple hat dar\u00fcber hinaus den <a href=\"http:\/\/ifun.de\/applestore\/http:\/\/store.apple.com\/de\/go\/macmini\/\">Mac mini<\/a> mit Dual-Core Intel Core i5 Prozessoren der dritten Generation sowie Quad-Core Intel Core i7 Prozessoren aufgewertet, die bis zu doppelt so schnell sind und eine integrierte Grafik beinhalten, die bis zu 65 Prozent schneller ist. Der Mac mini wird standardm\u00e4\u00dfig mit 4GB 1600 MHz RAM, mit einer Unterst\u00fctzung von bis zu 16GB, ausgeliefert. Im selben, unglaublich kompakten Aluminiumgeh\u00e4use bietet der Mac mini ab jetzt vier USB 3.0-Anschl\u00fcsse zus\u00e4tzlich zu den Thunderbolt-, HDMI-, SDXC-, Gigabit Ethernet- und FireWire 800-Anschl\u00fcsssen.<\/p>\n<p>Der Mac mini beh\u00e4lt seinen Status als weltweit energieeffizientester Desktopcomputer, im Ruhezstand verbraucht er gerade einmal 11 Watt. Sowohl iMac als auch Mac mini enthalten PVC-freie Komponenten und Kabel und keinerlei bromhaltige Flammschutzmittel; die verwendeten Materialien sind hochgradig recyclebar und iMac und Mac mini werden im material-effizienten Verpackungsdesign ausgeliefert.<\/p>\n<p><img loading=\"lazy\" decoding=\"async\" src=\"http:\/\/images.ifun.de\/wp-content\/uploads\/2012\/10\/macmini-specs.jpg\" alt=\"\" title=\"macmini-specs\" width=\"464\" height=\"312\" class=\"aligncenter size-full wp-image-30889\" srcset=\"https:\/\/images.ifun.de\/wp-content\/uploads\/2012\/10\/macmini-specs.jpg 464w, https:\/\/images.ifun.de\/wp-content\/uploads\/2012\/10\/macmini-specs-300x201.jpg 300w\" sizes=\"auto, (max-width: 464px) 100vw, 464px\" \/><\/p>\n<p>Dar\u00fcber hinaus wurde ein <a href=\"http:\/\/www.ifun.de\/das-retina-display-erreicht-die-kleinen-apple-uberarbeitet-macbook-pro-30854\/\">neues MacBook Pro mit Retina-Bildschirm<\/a> vorgestellt.<\/p>\n","protected":false},"excerpt":{"rendered":"<a href=\"https:\/\/www.ifun.de\/apple-stellt-neuen-unglaublich-dunnen-imac-vor-30860\/\"><img width=\"150\" height=\"49\" src=\"https:\/\/images.ifun.de\/wp-content\/uploads\/2012\/10\/imac2.jpg\" class=\"alignright tfe wp-post-image\" alt=\"\" decoding=\"async\" loading=\"lazy\" srcset=\"https:\/\/images.ifun.de\/wp-content\/uploads\/2012\/10\/imac2.jpg 464w, https:\/\/images.ifun.de\/wp-content\/uploads\/2012\/10\/imac2-300x98.jpg 300w\" sizes=\"auto, (max-width: 150px) 100vw, 150px\" \/><\/a><p>Neue Macs:<br \/>\nApple \u00fcberarbeitet iMac,<br \/>\nMac mini und MacBook Pro<\/p>\n","protected":false},"author":2,"featured_media":30878,"comment_status":"open","ping_status":"closed","sticky":false,"template":"","format":"standard","meta":{"_acf_changed":false,"footnotes":""},"categories":[16,19],"tags":[393,6321],"class_list":["post-30860","post","type-post","status-publish","format-standard","has-post-thumbnail","hentry","category-mac","category-topnews","tag-imac","tag-mac"],"acf":[],"aioseo_notices":[],"rest_api_enabler":[],"_links":{"self":[{"href":"https:\/\/www.ifun.de\/apiv2\/wp\/v2\/posts\/30860","targetHints":{"allow":["GET"]}}],"collection":[{"href":"https:\/\/www.ifun.de\/apiv2\/wp\/v2\/posts"}],"about":[{"href":"https:\/\/www.ifun.de\/apiv2\/wp\/v2\/types\/post"}],"author":[{"embeddable":true,"href":"https:\/\/www.ifun.de\/apiv2\/wp\/v2\/users\/2"}],"replies":[{"embeddable":true,"href":"https:\/\/www.ifun.de\/apiv2\/wp\/v2\/comments?post=30860"}],"version-history":[{"count":14,"href":"https:\/\/www.ifun.de\/apiv2\/wp\/v2\/posts\/30860\/revisions"}],"predecessor-version":[{"id":30903,"href":"https:\/\/www.ifun.de\/apiv2\/wp\/v2\/posts\/30860\/revisions\/30903"}],"wp:featuredmedia":[{"embeddable":true,"href":"https:\/\/www.ifun.de\/apiv2\/wp\/v2\/media\/30878"}],"wp:attachment":[{"href":"https:\/\/www.ifun.de\/apiv2\/wp\/v2\/media?parent=30860"}],"wp:term":[{"taxonomy":"category","embeddable":true,"href":"https:\/\/www.ifun.de\/apiv2\/wp\/v2\/categories?post=30860"},{"taxonomy":"post_tag","embeddable":true,"href":"https:\/\/www.ifun.de\/apiv2\/wp\/v2\/tags?post=30860"}],"curies":[{"name":"wp","href":"https:\/\/api.w.org\/{rel}","templated":true}]}}