{"id":30837,"date":"2012-10-23T17:37:50","date_gmt":"2012-10-23T15:37:50","guid":{"rendered":"http:\/\/www.ifun.de\/?p=30837"},"modified":"2012-10-23T17:38:04","modified_gmt":"2012-10-23T15:38:04","slug":"angebliche-spezifikationen-der-neuen-retina-macbooks-und-mac-minis-apple-soll-ipad-mini-smart-covers-vorbereiten","status":"publish","type":"post","link":"https:\/\/www.ifun.de\/angebliche-spezifikationen-der-neuen-retina-macbooks-und-mac-minis-apple-soll-ipad-mini-smart-covers-vorbereiten-30837\/","title":{"rendered":"Angebliche Spezifikationen der neuen Retina-MacBooks und Mac minis, Apple soll &#8222;iPad Mini Smart Covers&#8220; vorbereiten"},"content":{"rendered":"<p>Bei der US-Webseite 9to5Mac stapeln sich gerade die zwar noch unbest\u00e4tigten, aber nicht unrealistisch klingenden Vorabinfos zu den heutigen Produktneuheiten.<br \/>\n<img loading=\"lazy\" decoding=\"async\" src=\"http:\/\/images.ifun.de\/wp-content\/uploads\/2012\/10\/produkte.jpg\" alt=\"\" title=\"produkte\" width=\"464\" height=\"70\" class=\"alignnone size-full wp-image-30839\" srcset=\"https:\/\/images.ifun.de\/wp-content\/uploads\/2012\/10\/produkte.jpg 464w, https:\/\/images.ifun.de\/wp-content\/uploads\/2012\/10\/produkte-300x45.jpg 300w\" sizes=\"auto, (max-width: 464px) 100vw, 464px\" \/><\/p>\n<p>So <a href=\"http:\/\/9to5mac.com\/2012\/10\/23\/13-inch-macbook-pro-with-retina-display-specs-revealed-2-5-2-9ghz-8gb-of-ram-128-512gb-storage\/\">soll<\/a> das 13\u201c MacBook Pro mit Retina-Bildschirm in den folgenden drei Varianten bereits kurz nach der Pr\u00e4sentation erh\u00e4ltlich sein: 2,5 GHz und 128 GB Flash-Speicher, 2,5 GHz und 256 GB Flash-Speicher und 2,9 GHz und 512 GB Flash-Speicher. Alle drei Varianten w\u00e4ren mit 8 GB RAM ausgestattet.<\/p>\n<p>Der neue Mac mini <a href=\"http:\/\/9to5mac.com\/2012\/10\/23\/new-mac-mini-specs-revealed-2-5ghz-dual-core-to-2-3ghz-quad-core-500gb-to-2tb-storage\/\">soll<\/a> mit 2,5 GHz Dual-Core oder 2,3 GHz Quad-Core-Prozessoren und 500 GB bzw. 1 TB Festplatte in den Handel kommen. Eine Serverversion sei mit 2,3 GHz und 2 TB geplant.<\/p>\n<p>Zudem <a href=\"http:\/\/9to5mac.com\/2012\/10\/23\/apple-has-ipad-mini-smart-covers-ready-to-go-for-the-ipad-mini\/\">gibt die Seite vor<\/a> Informationen dar\u00fcber zu haben, dass Apple bereits \u201eiPad Mini Smart Covers\u201c f\u00fcr den Verkauf bereit h\u00e4lt. Dies w\u00fcrde nicht nur das kleine iPad, sondern auch gleich die derzeit prominenteste Namensgebung mit best\u00e4tigen.<\/p>\n","protected":false},"excerpt":{"rendered":"<a href=\"https:\/\/www.ifun.de\/angebliche-spezifikationen-der-neuen-retina-macbooks-und-mac-minis-apple-soll-ipad-mini-smart-covers-vorbereiten-30837\/\"><img width=\"150\" height=\"23\" src=\"https:\/\/images.ifun.de\/wp-content\/uploads\/2012\/10\/produkte.jpg\" class=\"alignright tfe wp-post-image\" alt=\"\" decoding=\"async\" loading=\"lazy\" srcset=\"https:\/\/images.ifun.de\/wp-content\/uploads\/2012\/10\/produkte.jpg 464w, https:\/\/images.ifun.de\/wp-content\/uploads\/2012\/10\/produkte-300x45.jpg 300w\" sizes=\"auto, (max-width: 150px) 100vw, 150px\" \/><\/a><p>Bei der US-Webseite 9to5Mac stapeln sich gerade die zwar noch unbest\u00e4tigten, aber nicht unrealistisch klingenden Vorabinfos zu den heutigen Produktneuheiten. So soll das 13\u201c MacBook Pro mit Retina-Bildschirm in den folgenden drei Varianten bereits kurz nach der Pr\u00e4sentation erh\u00e4ltlich sein: 2,5 GHz und 128 GB Flash-Speicher, 2,5 GHz und 256 GB Flash-Speicher und 2,9 GHz [&hellip;]<\/p>\n","protected":false},"author":2,"featured_media":30839,"comment_status":"open","ping_status":"closed","sticky":false,"template":"","format":"standard","meta":{"_acf_changed":false,"footnotes":""},"categories":[18],"tags":[3910,1335,515,224],"class_list":["post-30837","post","type-post","status-publish","format-standard","has-post-thumbnail","hentry","category-rumors","tag-geruechte","tag-ipad-mini","tag-mac-mini","tag-macbook-pro"],"acf":[],"aioseo_notices":[],"rest_api_enabler":[],"_links":{"self":[{"href":"https:\/\/www.ifun.de\/apiv2\/wp\/v2\/posts\/30837","targetHints":{"allow":["GET"]}}],"collection":[{"href":"https:\/\/www.ifun.de\/apiv2\/wp\/v2\/posts"}],"about":[{"href":"https:\/\/www.ifun.de\/apiv2\/wp\/v2\/types\/post"}],"author":[{"embeddable":true,"href":"https:\/\/www.ifun.de\/apiv2\/wp\/v2\/users\/2"}],"replies":[{"embeddable":true,"href":"https:\/\/www.ifun.de\/apiv2\/wp\/v2\/comments?post=30837"}],"version-history":[{"count":3,"href":"https:\/\/www.ifun.de\/apiv2\/wp\/v2\/posts\/30837\/revisions"}],"predecessor-version":[{"id":30841,"href":"https:\/\/www.ifun.de\/apiv2\/wp\/v2\/posts\/30837\/revisions\/30841"}],"wp:featuredmedia":[{"embeddable":true,"href":"https:\/\/www.ifun.de\/apiv2\/wp\/v2\/media\/30839"}],"wp:attachment":[{"href":"https:\/\/www.ifun.de\/apiv2\/wp\/v2\/media?parent=30837"}],"wp:term":[{"taxonomy":"category","embeddable":true,"href":"https:\/\/www.ifun.de\/apiv2\/wp\/v2\/categories?post=30837"},{"taxonomy":"post_tag","embeddable":true,"href":"https:\/\/www.ifun.de\/apiv2\/wp\/v2\/tags?post=30837"}],"curies":[{"name":"wp","href":"https:\/\/api.w.org\/{rel}","templated":true}]}}