{"id":30676,"date":"2012-10-19T12:06:53","date_gmt":"2012-10-19T10:06:53","guid":{"rendered":"http:\/\/www.ifun.de\/?p=30676"},"modified":"2012-10-19T12:18:23","modified_gmt":"2012-10-19T10:18:23","slug":"ipad-mini-vodafone-artikelnummer","status":"publish","type":"post","link":"https:\/\/www.ifun.de\/ipad-mini-vodafone-artikelnummer-30676\/","title":{"rendered":"Vodafone f\u00fchrt bereits Artikelnummern f\u00fcr &#8222;iPad mini&#8220;"},"content":{"rendered":"<p>Vodafone hat das \u201eiPad mini\u201c offenbar bereits ins hauseigene Verkaufssystem aufgenommen und Artikelnummern f\u00fcr die verschiedenen Modellvarianten vergeben. Dies geht aus einem uns vorliegenden Dokument hervor.<\/p>\n<p><img loading=\"lazy\" decoding=\"async\" src=\"http:\/\/images.ifun.de\/wp-content\/uploads\/2012\/10\/vodafone.jpg\" alt=\"\" title=\"vodafone\" width=\"464\" height=\"163\" class=\"alignnone size-full wp-image-30677\" srcset=\"https:\/\/images.ifun.de\/wp-content\/uploads\/2012\/10\/vodafone.jpg 464w, https:\/\/images.ifun.de\/wp-content\/uploads\/2012\/10\/vodafone-300x105.jpg 300w\" sizes=\"auto, (max-width: 464px) 100vw, 464px\" \/> <\/p>\n<p>Offenbar rechnet der Mobilfunkanbieter anders als die Elektronikm\u00e4rkte <a href=\"http:\/\/www.ifun.de\/ipad-mini-preis-media-markt-30427\/\">Media Markt<\/a> und Saturn (hier liegen uns ebenfalls interne Infos vor) nur mit drei verschiedenen Speichervarianten zu 16, 32 und 64 GB. Die Ger\u00e4te sind in den Geh\u00e4usefarben Schwarz und Wei\u00df gelistet und sollen offenbar in zwei Ausf\u00fchrungen (vermutlich WiFi sowie WiFi+Cellular oder gar WiFi+Cellular und WiFi+LTE?) erh\u00e4ltlich sein.<\/p>\n<p><!--more--><em>Hinweis: Aus rechtlichen Gr\u00fcnden nehmen wir von einer Ver\u00f6ffentlichung des Originaldokuments Abstand. Die Grafik oben dient nur zur Illustration und enth\u00e4lt fiktive Artikelnummern.<\/em><\/p>\n","protected":false},"excerpt":{"rendered":"<a href=\"https:\/\/www.ifun.de\/ipad-mini-vodafone-artikelnummer-30676\/\"><img width=\"150\" height=\"53\" src=\"https:\/\/images.ifun.de\/wp-content\/uploads\/2012\/10\/vodafone.jpg\" class=\"alignright tfe wp-post-image\" alt=\"\" decoding=\"async\" loading=\"lazy\" srcset=\"https:\/\/images.ifun.de\/wp-content\/uploads\/2012\/10\/vodafone.jpg 464w, https:\/\/images.ifun.de\/wp-content\/uploads\/2012\/10\/vodafone-300x105.jpg 300w\" sizes=\"auto, (max-width: 150px) 100vw, 150px\" \/><\/a><p>Vodafone hat das \u201eiPad mini\u201c offenbar bereits ins hauseigene Verkaufssystem aufgenommen und Artikelnummern f\u00fcr die verschiedenen Modellvarianten vergeben. Dies geht aus einem uns vorliegenden Dokument hervor. Offenbar rechnet der Mobilfunkanbieter anders als die Elektronikm\u00e4rkte Media Markt und Saturn (hier liegen uns ebenfalls interne Infos vor) nur mit drei verschiedenen Speichervarianten zu 16, 32 und 64 [&hellip;]<\/p>\n","protected":false},"author":2,"featured_media":30677,"comment_status":"open","ping_status":"closed","sticky":false,"template":"","format":"standard","meta":{"_acf_changed":false,"footnotes":""},"categories":[10],"tags":[1335,541],"class_list":["post-30676","post","type-post","status-publish","format-standard","has-post-thumbnail","hentry","category-ipad","tag-ipad-mini","tag-vodafone"],"acf":[],"aioseo_notices":[],"rest_api_enabler":[],"_links":{"self":[{"href":"https:\/\/www.ifun.de\/apiv2\/wp\/v2\/posts\/30676","targetHints":{"allow":["GET"]}}],"collection":[{"href":"https:\/\/www.ifun.de\/apiv2\/wp\/v2\/posts"}],"about":[{"href":"https:\/\/www.ifun.de\/apiv2\/wp\/v2\/types\/post"}],"author":[{"embeddable":true,"href":"https:\/\/www.ifun.de\/apiv2\/wp\/v2\/users\/2"}],"replies":[{"embeddable":true,"href":"https:\/\/www.ifun.de\/apiv2\/wp\/v2\/comments?post=30676"}],"version-history":[{"count":5,"href":"https:\/\/www.ifun.de\/apiv2\/wp\/v2\/posts\/30676\/revisions"}],"predecessor-version":[{"id":30683,"href":"https:\/\/www.ifun.de\/apiv2\/wp\/v2\/posts\/30676\/revisions\/30683"}],"wp:featuredmedia":[{"embeddable":true,"href":"https:\/\/www.ifun.de\/apiv2\/wp\/v2\/media\/30677"}],"wp:attachment":[{"href":"https:\/\/www.ifun.de\/apiv2\/wp\/v2\/media?parent=30676"}],"wp:term":[{"taxonomy":"category","embeddable":true,"href":"https:\/\/www.ifun.de\/apiv2\/wp\/v2\/categories?post=30676"},{"taxonomy":"post_tag","embeddable":true,"href":"https:\/\/www.ifun.de\/apiv2\/wp\/v2\/tags?post=30676"}],"curies":[{"name":"wp","href":"https:\/\/api.w.org\/{rel}","templated":true}]}}