{"id":30427,"date":"2012-10-14T19:29:50","date_gmt":"2012-10-14T17:29:50","guid":{"rendered":"http:\/\/www.ifun.de\/?p=30427"},"modified":"2012-10-14T20:16:18","modified_gmt":"2012-10-14T18:16:18","slug":"ipad-mini-preis-media-markt","status":"publish","type":"post","link":"https:\/\/www.ifun.de\/ipad-mini-preis-media-markt-30427\/","title":{"rendered":"Media Markt listet &#8222;iPad mini&#8220; in 16 Varianten ab 249 Euro"},"content":{"rendered":"<p>Geht es nach dem unten eingebetteten, aus dem Warenwirtschaftssystem von Media Markt <a href=\"http:\/\/www.schimanke.com\/archives\/3901-iPad-mini-Preise,-Groessen,-Konfigurationen.html\">entfleuchten<\/a> Screenshot, so kommt das \u201eiPad mini\u201c tats\u00e4chlich, und zwar mit vier verschiedenen Speicherkonfigurationen zwischen 8 und 64 GB. Der Einstiegspreis f\u00fcr die kleinste Variante ohne SIM-Kartenslot soll bei 249 Euro liegen, eine WLAN+Cellular-Version soll es ab 349 Euro aufw\u00e4rts geben.<\/p>\n<p><a href=\"http:\/\/images.ifun.de\/wp-content\/uploads\/2012\/10\/ipad-mini-preise.jpg\"><img loading=\"lazy\" decoding=\"async\" src=\"http:\/\/images.ifun.de\/wp-content\/uploads\/2012\/10\/ipad-mini-preise.jpg\" alt=\"\" title=\"ipad-mini-preise\" width=\"464\" height=\"279\" class=\"alignnone size-full wp-image-30428\" srcset=\"https:\/\/images.ifun.de\/wp-content\/uploads\/2012\/10\/ipad-mini-preise.jpg 464w, https:\/\/images.ifun.de\/wp-content\/uploads\/2012\/10\/ipad-mini-preise-300x180.jpg 300w\" sizes=\"auto, (max-width: 464px) 100vw, 464px\" \/><\/a><\/p>\n<p>Zum Vergleich: Aktuell liegt er Einstiegspreis f\u00fcr das neue iPad bei 479 Euro (WLAN, 16 GB), die teuerste Variante bei 799 Euro (WLAN+Cellular, 64 GB).<\/p>\n<p>Die gro\u00dfe Modellvielfalt mit insgesamt 16 verschiedenen Ger\u00e4ten (je 8 Versionen in Wei\u00df und Schwarz) scheint f\u00fcr Apple etwas ungew\u00f6hnlich, im Vorfeld gab es ja gar Ger\u00fcchte, dass Apple auf eine Variante mit Datenoption komplett verzichten w\u00fcrde.<\/p>\n<p>Wie auch immer, Klarheit haben wir nicht vor dem 23. Oktober. Dieser Termin wird derzeit als wahrscheinliches Datum f\u00fcr das n\u00e4chste Apple-Event gehandelt. Neben der m\u00f6glichen neuen kleinen iPad steht ein mit Euro-LTE und Lightning-Anschluss \u00fcberarbeitetes gro\u00dfes iPad-Modell auf der Wunschliste der Ger\u00fcchtek\u00f6chen, dar\u00fcber hinaus verdichten sich auch die <a href=\"http:\/\/www.macrumors.com\/2012\/10\/14\/2012-imac-said-to-carry-thinner-design-alleged-internals-photo-surfaces\/\">Hinweise<\/a> auf neue iMacs sowie ein MacBook Pro mit 13\u201c Retina-Bildschirm.<\/p>\n","protected":false},"excerpt":{"rendered":"<a href=\"https:\/\/www.ifun.de\/ipad-mini-preis-media-markt-30427\/\"><img width=\"150\" height=\"90\" src=\"https:\/\/images.ifun.de\/wp-content\/uploads\/2012\/10\/ipad-mini-preise.jpg\" class=\"alignright tfe wp-post-image\" alt=\"\" decoding=\"async\" loading=\"lazy\" srcset=\"https:\/\/images.ifun.de\/wp-content\/uploads\/2012\/10\/ipad-mini-preise.jpg 464w, https:\/\/images.ifun.de\/wp-content\/uploads\/2012\/10\/ipad-mini-preise-300x180.jpg 300w\" sizes=\"auto, (max-width: 150px) 100vw, 150px\" \/><\/a><p>Geht es nach dem unten eingebetteten, aus dem Warenwirtschaftssystem von Media Markt entfleuchten Screenshot, so kommt das \u201eiPad mini\u201c tats\u00e4chlich, und zwar mit vier verschiedenen Speicherkonfigurationen zwischen 8 und 64 GB. Der Einstiegspreis f\u00fcr die kleinste Variante ohne SIM-Kartenslot soll bei 249 Euro liegen, eine WLAN+Cellular-Version soll es ab 349 Euro aufw\u00e4rts geben. Zum Vergleich: [&hellip;]<\/p>\n","protected":false},"author":2,"featured_media":30428,"comment_status":"open","ping_status":"closed","sticky":false,"template":"","format":"standard","meta":{"_acf_changed":false,"footnotes":""},"categories":[18],"tags":[3910,1335,1494],"class_list":["post-30427","post","type-post","status-publish","format-standard","has-post-thumbnail","hentry","category-rumors","tag-geruechte","tag-ipad-mini","tag-preis"],"acf":[],"aioseo_notices":[],"rest_api_enabler":[],"_links":{"self":[{"href":"https:\/\/www.ifun.de\/apiv2\/wp\/v2\/posts\/30427","targetHints":{"allow":["GET"]}}],"collection":[{"href":"https:\/\/www.ifun.de\/apiv2\/wp\/v2\/posts"}],"about":[{"href":"https:\/\/www.ifun.de\/apiv2\/wp\/v2\/types\/post"}],"author":[{"embeddable":true,"href":"https:\/\/www.ifun.de\/apiv2\/wp\/v2\/users\/2"}],"replies":[{"embeddable":true,"href":"https:\/\/www.ifun.de\/apiv2\/wp\/v2\/comments?post=30427"}],"version-history":[{"count":4,"href":"https:\/\/www.ifun.de\/apiv2\/wp\/v2\/posts\/30427\/revisions"}],"predecessor-version":[{"id":30432,"href":"https:\/\/www.ifun.de\/apiv2\/wp\/v2\/posts\/30427\/revisions\/30432"}],"wp:featuredmedia":[{"embeddable":true,"href":"https:\/\/www.ifun.de\/apiv2\/wp\/v2\/media\/30428"}],"wp:attachment":[{"href":"https:\/\/www.ifun.de\/apiv2\/wp\/v2\/media?parent=30427"}],"wp:term":[{"taxonomy":"category","embeddable":true,"href":"https:\/\/www.ifun.de\/apiv2\/wp\/v2\/categories?post=30427"},{"taxonomy":"post_tag","embeddable":true,"href":"https:\/\/www.ifun.de\/apiv2\/wp\/v2\/tags?post=30427"}],"curies":[{"name":"wp","href":"https:\/\/api.w.org\/{rel}","templated":true}]}}