{"id":30383,"date":"2012-10-12T13:58:06","date_gmt":"2012-10-12T11:58:06","guid":{"rendered":"http:\/\/www.ifun.de\/?p=30383"},"modified":"2012-10-12T14:03:51","modified_gmt":"2012-10-12T12:03:51","slug":"wall-street-journal-ipad-mini-vorstellung-am-23-oktober","status":"publish","type":"post","link":"https:\/\/www.ifun.de\/wall-street-journal-ipad-mini-vorstellung-am-23-oktober-30383\/","title":{"rendered":"Wall Street Journal: iPad mini Vorstellung am 23. Oktober"},"content":{"rendered":"<p><img loading=\"lazy\" decoding=\"async\" src=\"http:\/\/images.ifun.de\/wp-content\/uploads\/2012\/10\/ipad-mini-23-oktober.jpeg\" alt=\"\" title=\"ipad-mini-23-oktober\" width=\"140\" height=\"129\" class=\"alignright size-full wp-image-30385\" \/>AllThingsD, das Technik-Journal des Wall Street Journals <a href=\"http:\/\/allthingsd.com\/20121012\/apple-likely-to-unveil-ipad-mini-at-october-23-event\/\">legt sich fest<\/a>. Das iPad mini soll am 23. Oktober im Rahmen eines Apple Medien-Events vorgestellt werden. <\/p>\n<p>Das Knapp 8 Inch gro\u00dfe Tablet w\u00fcrde damit <a href=\"http:\/\/www.iphone-ticker.de\/iphone-5-live-ticker-38180\/\">fast auf den Tag<\/a> genau, sechs Wochen nach der iPhone 5 Pr\u00e4sentation am 12. September im Rampenlicht stehen. Ein Termin der ebenfalls im Vorfeld der Veranstaltung durch das Wall Street Journal best\u00e4tigt wurde. <\/p>\n<blockquote><p>People familiar with Apple\u2019s plans tell us that the company will unveil the so-called \u201ciPad mini\u201d on October 23 at an invitation-only event. That\u2019s a Tuesday, not a Wednesday, so this is a bit of a break with recent tradition. It also happens to be just three days prior to the street date for Microsoft\u2019s new Surface tablet.<\/p><\/blockquote>\n","protected":false},"excerpt":{"rendered":"<a href=\"https:\/\/www.ifun.de\/wall-street-journal-ipad-mini-vorstellung-am-23-oktober-30383\/\"><img width=\"140\" height=\"129\" src=\"https:\/\/images.ifun.de\/wp-content\/uploads\/2012\/10\/ipad-mini-23-oktober.jpeg\" class=\"alignright tfe wp-post-image\" alt=\"\" decoding=\"async\" loading=\"lazy\" \/><\/a><p>AllThingsD, das Technik-Journal des Wall Street Journals legt sich fest. Das iPad mini soll am 23. Oktober im Rahmen eines Apple Medien-Events vorgestellt werden. Das Knapp 8 Inch gro\u00dfe Tablet w\u00fcrde damit fast auf den Tag genau, sechs Wochen nach der iPhone 5 Pr\u00e4sentation am 12. September im Rampenlicht stehen. Ein Termin der ebenfalls im [&hellip;]<\/p>\n","protected":false},"author":1,"featured_media":30385,"comment_status":"open","ping_status":"closed","sticky":false,"template":"","format":"standard","meta":{"_acf_changed":false,"footnotes":""},"categories":[18],"tags":[3910,4740,1335,6322],"class_list":["post-30383","post","type-post","status-publish","format-standard","has-post-thumbnail","hentry","category-rumors","tag-geruechte","tag-ipad","tag-ipad-mini","tag-rumors"],"acf":[],"aioseo_notices":[],"rest_api_enabler":[],"_links":{"self":[{"href":"https:\/\/www.ifun.de\/apiv2\/wp\/v2\/posts\/30383","targetHints":{"allow":["GET"]}}],"collection":[{"href":"https:\/\/www.ifun.de\/apiv2\/wp\/v2\/posts"}],"about":[{"href":"https:\/\/www.ifun.de\/apiv2\/wp\/v2\/types\/post"}],"author":[{"embeddable":true,"href":"https:\/\/www.ifun.de\/apiv2\/wp\/v2\/users\/1"}],"replies":[{"embeddable":true,"href":"https:\/\/www.ifun.de\/apiv2\/wp\/v2\/comments?post=30383"}],"version-history":[{"count":3,"href":"https:\/\/www.ifun.de\/apiv2\/wp\/v2\/posts\/30383\/revisions"}],"predecessor-version":[{"id":30386,"href":"https:\/\/www.ifun.de\/apiv2\/wp\/v2\/posts\/30383\/revisions\/30386"}],"wp:featuredmedia":[{"embeddable":true,"href":"https:\/\/www.ifun.de\/apiv2\/wp\/v2\/media\/30385"}],"wp:attachment":[{"href":"https:\/\/www.ifun.de\/apiv2\/wp\/v2\/media?parent=30383"}],"wp:term":[{"taxonomy":"category","embeddable":true,"href":"https:\/\/www.ifun.de\/apiv2\/wp\/v2\/categories?post=30383"},{"taxonomy":"post_tag","embeddable":true,"href":"https:\/\/www.ifun.de\/apiv2\/wp\/v2\/tags?post=30383"}],"curies":[{"name":"wp","href":"https:\/\/api.w.org\/{rel}","templated":true}]}}