{"id":30153,"date":"2012-10-06T07:06:20","date_gmt":"2012-10-06T05:06:20","guid":{"rendered":"http:\/\/www.ifun.de\/?p=30153"},"modified":"2012-10-08T07:59:32","modified_gmt":"2012-10-08T05:59:32","slug":"icloud-speicherplatz-erweiterung-mobileme-kunden","status":"publish","type":"post","link":"https:\/\/www.ifun.de\/icloud-speicherplatz-erweiterung-mobileme-kunden-30153\/","title":{"rendered":"iCloud: Kostenlose Speicherplatzerweiterung f\u00fcr ehmalige MobileMe-Kunden um 1 Jahre verl\u00e4ngert"},"content":{"rendered":"<p>Ehemalige MobileMe-Kunden d\u00fcrfen sich freuen: Apple hat das beim Wechsel von MobileMe zu iCloud gew\u00e4hrte kostenlose Speicher-Upgrade um ein Jahr verl\u00e4ngert.<\/p>\n<p><img loading=\"lazy\" decoding=\"async\" src=\"http:\/\/images.ifun.de\/wp-content\/uploads\/2012\/10\/mobileme-speicher.jpg\" alt=\"\" title=\"mobileme-speicher\" width=\"464\" height=\"169\" class=\"alignnone size-full wp-image-30155\" srcset=\"https:\/\/images.ifun.de\/wp-content\/uploads\/2012\/10\/mobileme-speicher.jpg 464w, https:\/\/images.ifun.de\/wp-content\/uploads\/2012\/10\/mobileme-speicher-300x109.jpg 300w\" sizes=\"auto, (max-width: 464px) 100vw, 464px\" \/><\/p>\n<blockquote><p>Als Dankesch\u00f6n f\u00fcr unsere ehemaligen MobileMe-Mitglieder, die zu iCloud gewechselt sind, verl\u00e4ngern wir das kostenlose Speicher-Upgrade bis zum 30. September 2013. Diese Verl\u00e4ngerung betrifft Accounts, die zwischen dem 12. Oktober 2011 und 1. August 2012 zu iCloud gewechselt sind.<\/p><\/blockquote>\n<p>Ausf\u00fchrliche Informationen zur der Verl\u00e4ngerung des Speicher-Upgrades finden sich <a href=\"http:\/\/support.apple.com\/kb\/HT5527?viewlocale=de_DE&#038;locale=de_DE\">hier<\/a>. Apple hat alle betroffenen Kunden zudem per E-Mail benachrichtigt. M\u00f6glicherweise h\u00e4ngt die Aktion mit der letzte Woche in den iCloud-Konten aufgetauchten <a href=\"http:\/\/www.ifun.de\/icloud-laufzeit-bis-2050-fehler-29981\/\">falschen Datumsangabe<\/a> zum Abo-Zeitraum zusammen. (Danke f\u00fcr eure Mails!)<\/p>\n","protected":false},"excerpt":{"rendered":"<a href=\"https:\/\/www.ifun.de\/icloud-speicherplatz-erweiterung-mobileme-kunden-30153\/\"><img width=\"150\" height=\"55\" src=\"https:\/\/images.ifun.de\/wp-content\/uploads\/2012\/10\/mobileme-speicher.jpg\" class=\"alignright tfe wp-post-image\" alt=\"\" decoding=\"async\" loading=\"lazy\" srcset=\"https:\/\/images.ifun.de\/wp-content\/uploads\/2012\/10\/mobileme-speicher.jpg 464w, https:\/\/images.ifun.de\/wp-content\/uploads\/2012\/10\/mobileme-speicher-300x109.jpg 300w\" sizes=\"auto, (max-width: 150px) 100vw, 150px\" \/><\/a><p>Apple verl\u00e4ngert Speichererweiterung um 1 Jahr<\/p>\n","protected":false},"author":2,"featured_media":30155,"comment_status":"open","ping_status":"closed","sticky":false,"template":"","format":"standard","meta":{"_acf_changed":false,"footnotes":""},"categories":[3,7],"tags":[401,85,851],"class_list":["post-30153","post","type-post","status-publish","format-standard","has-post-thumbnail","hentry","category-apple","category-featured","tag-icloud","tag-mobileme","tag-speicherplatz"],"acf":[],"aioseo_notices":[],"featured_image":["http:\/\/images.ifun.de\/wp-content\/uploads\/2012\/10\/icloud.png"],"rest_api_enabler":{"featured_image":"http:\/\/images.ifun.de\/wp-content\/uploads\/2012\/10\/icloud.png"},"_links":{"self":[{"href":"https:\/\/www.ifun.de\/apiv2\/wp\/v2\/posts\/30153","targetHints":{"allow":["GET"]}}],"collection":[{"href":"https:\/\/www.ifun.de\/apiv2\/wp\/v2\/posts"}],"about":[{"href":"https:\/\/www.ifun.de\/apiv2\/wp\/v2\/types\/post"}],"author":[{"embeddable":true,"href":"https:\/\/www.ifun.de\/apiv2\/wp\/v2\/users\/2"}],"replies":[{"embeddable":true,"href":"https:\/\/www.ifun.de\/apiv2\/wp\/v2\/comments?post=30153"}],"version-history":[{"count":3,"href":"https:\/\/www.ifun.de\/apiv2\/wp\/v2\/posts\/30153\/revisions"}],"predecessor-version":[{"id":30169,"href":"https:\/\/www.ifun.de\/apiv2\/wp\/v2\/posts\/30153\/revisions\/30169"}],"wp:featuredmedia":[{"embeddable":true,"href":"https:\/\/www.ifun.de\/apiv2\/wp\/v2\/media\/30155"}],"wp:attachment":[{"href":"https:\/\/www.ifun.de\/apiv2\/wp\/v2\/media?parent=30153"}],"wp:term":[{"taxonomy":"category","embeddable":true,"href":"https:\/\/www.ifun.de\/apiv2\/wp\/v2\/categories?post=30153"},{"taxonomy":"post_tag","embeddable":true,"href":"https:\/\/www.ifun.de\/apiv2\/wp\/v2\/tags?post=30153"}],"curies":[{"name":"wp","href":"https:\/\/api.w.org\/{rel}","templated":true}]}}