{"id":30069,"date":"2012-10-03T15:16:44","date_gmt":"2012-10-03T13:16:44","guid":{"rendered":"http:\/\/www.ifun.de\/?p=30069"},"modified":"2012-10-03T15:28:59","modified_gmt":"2012-10-03T13:28:59","slug":"steve-jobs-rede-design-konferenz-198","status":"publish","type":"post","link":"https:\/\/www.ifun.de\/steve-jobs-rede-design-konferenz-198-30069\/","title":{"rendered":"Audio-Tipp: Vision\u00e4rer Steve-Jobs-Vortrag aus dem Jahr 1983"},"content":{"rendered":"<p><img loading=\"lazy\" decoding=\"async\" src=\"http:\/\/images.ifun.de\/wp-content\/uploads\/2012\/10\/jobs-tape.jpg\" alt=\"\" title=\"jobs-tape\" width=\"220\" height=\"152\" class=\"alignright size-full wp-image-30071\" \/>Die von Marcel Brown aufgest\u00f6berte <a href=\"http:\/\/lifelibertytech.com\/2012\/10\/02\/the-lost-steve-jobs-speech-from-1983-foreshadowing-wireless-networking-the-ipad-and-the-app-store\/\">Aufzeichnung einer Rede<\/a>, die Steve Jobs im Jahr 1983 auf der International Design Conference in Aspen gehalten hat, belegt einmal mehr, warum der ehemalige Apple-Chef als einer der gr\u00f6\u00dften Vision\u00e4re unserer Zeit gehandelt wird.<\/p>\n<p>Ein Jahr vor der Pr\u00e4sentation des ersten Mac beeindruckt Jobs nicht nur mit einer ausgesprochen pr\u00e4zisen Voraussage der Entwicklung im Computerbereich, sondern pr\u00e4sentiert zudem ein Konzept, das wir 27 Jahre sp\u00e4ter mit dem iPad umgesetzt sahen:<\/p>\n<blockquote><p>Apples Ziel ist es, einen verdammt guten Computer in ein Buch zu packen, das man mit sich herumtragen kann und dessen Bedienung man innerhalb von 20 Minuten erlernt.<\/p><\/blockquote>\n<p>Das Ganze sollte zudem mit einer von ihm \u201eRadio Link\u201c benannten Drahtlostechnologie versehen sein, damit man damit ohne die Notwendigkeit einer Kabelverbindung mit \u201egr\u00f6\u00dferen Datenbanken\u201c oder anderen Computern kommunizieren k\u00f6nne.<\/p>\n<p>Knapp 60 Minuten interessante Unterhaltung f\u00fcr den heutigen Feiertag.<\/p>\n<p><!--more--><div class=\"responsive-video\"><iframe loading=\"lazy\" width=\"100%\" height=\"166\" scrolling=\"no\" frameborder=\"no\" src=\"http:\/\/w.soundcloud.com\/player\/?url=http%3A%2F%2Fapi.soundcloud.com%2Ftracks%2F62010118&#038;show_artwork=true&#038;show_artwork=true&#038;callback=reqwest_0&#038;_=1349268149373\"><\/iframe><\/div><\/p>\n","protected":false},"excerpt":{"rendered":"<a href=\"https:\/\/www.ifun.de\/steve-jobs-rede-design-konferenz-198-30069\/\"><img width=\"150\" height=\"104\" src=\"https:\/\/images.ifun.de\/wp-content\/uploads\/2012\/10\/jobs-tape.jpg\" class=\"alignright tfe wp-post-image\" alt=\"\" decoding=\"async\" loading=\"lazy\" \/><\/a><p>Die von Marcel Brown aufgest\u00f6berte Aufzeichnung einer Rede, die Steve Jobs im Jahr 1983 auf der International Design Conference in Aspen gehalten hat, belegt einmal mehr, warum der ehemalige Apple-Chef als einer der gr\u00f6\u00dften Vision\u00e4re unserer Zeit gehandelt wird. Ein Jahr vor der Pr\u00e4sentation des ersten Mac beeindruckt Jobs nicht nur mit einer ausgesprochen pr\u00e4zisen [&hellip;]<\/p>\n","protected":false},"author":2,"featured_media":30071,"comment_status":"open","ping_status":"closed","sticky":false,"template":"","format":"standard","meta":{"_acf_changed":false,"footnotes":""},"categories":[1],"tags":[4736,392,250,67],"class_list":["post-30069","post","type-post","status-publish","format-standard","has-post-thumbnail","hentry","category-news","tag-apple","tag-audio","tag-design","tag-steve-jobs"],"acf":[],"aioseo_notices":[],"rest_api_enabler":[],"_links":{"self":[{"href":"https:\/\/www.ifun.de\/apiv2\/wp\/v2\/posts\/30069","targetHints":{"allow":["GET"]}}],"collection":[{"href":"https:\/\/www.ifun.de\/apiv2\/wp\/v2\/posts"}],"about":[{"href":"https:\/\/www.ifun.de\/apiv2\/wp\/v2\/types\/post"}],"author":[{"embeddable":true,"href":"https:\/\/www.ifun.de\/apiv2\/wp\/v2\/users\/2"}],"replies":[{"embeddable":true,"href":"https:\/\/www.ifun.de\/apiv2\/wp\/v2\/comments?post=30069"}],"version-history":[{"count":7,"href":"https:\/\/www.ifun.de\/apiv2\/wp\/v2\/posts\/30069\/revisions"}],"predecessor-version":[{"id":30077,"href":"https:\/\/www.ifun.de\/apiv2\/wp\/v2\/posts\/30069\/revisions\/30077"}],"wp:featuredmedia":[{"embeddable":true,"href":"https:\/\/www.ifun.de\/apiv2\/wp\/v2\/media\/30071"}],"wp:attachment":[{"href":"https:\/\/www.ifun.de\/apiv2\/wp\/v2\/media?parent=30069"}],"wp:term":[{"taxonomy":"category","embeddable":true,"href":"https:\/\/www.ifun.de\/apiv2\/wp\/v2\/categories?post=30069"},{"taxonomy":"post_tag","embeddable":true,"href":"https:\/\/www.ifun.de\/apiv2\/wp\/v2\/tags?post=30069"}],"curies":[{"name":"wp","href":"https:\/\/api.w.org\/{rel}","templated":true}]}}